{"id":1546,"date":"2014-05-13T23:34:41","date_gmt":"2014-05-13T21:34:41","guid":{"rendered":"https:\/\/slovenci.rs\/?p=1546"},"modified":"2014-05-13T23:34:41","modified_gmt":"2014-05-13T21:34:41","slug":"utrinki-s-sportnega-dneva-drustva-slovencev-kredarica-iz-novega-sada","status":"publish","type":"post","link":"https:\/\/slovenci.rs\/sl\/utrinki-s-sportnega-dneva-drustva-slovencev-kredarica-iz-novega-sada\/","title":{"rendered":"UTRINKI S \u0160PORTNEGA DNEVA DRU\u0160TVA SLOVENCEV KREDARICA IZ NOVEGA SADA"},"content":{"rendered":"<p>&nbsp;<\/p>\n<p><span style=\"font-size: medium;\">V soboto, 10. maja 2014 je Dru\u0161tvo Slovencev Kredarica organiziralo \u0161portno sre\u010danje za slovenska dru\u0161tva. V pre\u010dudovitem \u0161portnem centru Grand Cluba v gozdu akacij ob Ba\u010dki Palanki, so se mladi \u010dlani dru\u0161tev pomerili v tenisu, ko\u0161arki in odbojki iz Dru\u0161tva Slovencev Emona iz Rume, Dru\u0161tva Slovencev Planika iz Zrenjanina in Dru\u0161tva Slovencev Kredarica iz Novega Sada.<\/span><\/p>\n<p><span style=\"font-size: medium;\">\u00a0\u00a0\u00a0\u00a0\u00a0\u00a0\u00a0\u00a0\u00a0\u00a0\u00a0Zbralo se je 25 mladih \u0161portnih navdu\u0161encev in \u0161e nekaj malo starej\u0161ih, ki se prav tako po\u010dutijo dovolj mlado, da so v\u0161tric z njimi sodelovali v omenjenih panogah.<\/span><\/p>\n<p><span style=\"font-size: medium;\">\u00a0\u00a0\u00a0\u00a0\u00a0\u00a0\u00a0\u00a0\u00a0\u00a0\u00a0Po kon\u010danih tekmah je vodstvo DS Kredarica podelilo udele\u017eencem zahvale za sodelovanje,\u00a0\u00a0majice z napisom omenjenega dogodka, v katerih so tekmovali, pa so dobili za spomin.<\/span><\/p>\n<p><span style=\"font-size: medium;\">DS Kredarica je vse \u0161portnike in posebne goste, med katerimi sta bila tudi namestnik veleposlanika Republike Slovenije v Republiki Srbiji Milan Predan ter u\u010diteljica dopolnilnega pouka slovenskega jezika Rut Zlobec, pogostilo z bogatim kosilom, ki se je nadaljevalo s prisr\u010dnim dru\u017eenjem in z \u017eeljo, da bi ta \u0161portni dan postal tradicionalni, saj je bil pri vseh udele\u017eencih zelo dobro in navdu\u0161eno sprejet.<\/span><\/p>\n<p><span style=\"font-size: medium;\">\u0160e posebej zahvala mladima \u010dlanoma DS Kredarica sestri in bratu Neveni in Ivanu Beli\u0107u, ki sta na razpisu zagotovila finan\u010dna sredstva od AP Vojvodine &#8211; Pokrajinskega sekretariata za mladino in \u0161port, za organizacijo in realizacijo tega \u0161portnega dneva.\u00a0\u00a0\u00a0\u00a0\u00a0\u00a0\u00a0\u00a0\u00a0\u00a0<\/span><\/p>\n<p><span style=\"font-size: medium;\">\u00a0<\/span><\/p>\n<p>&nbsp;<\/p>\n<p><span style=\"font-size: medium;\">Dru\u0161tvo Slovencev Kredarica, Novi Sad<\/span><\/p>\n<p>&nbsp;<\/p>\n\n\t\t<style>\n\t\t\t#gallery-1 {\n\t\t\t\tmargin: auto;\n\t\t\t}\n\t\t\t#gallery-1 .gallery-item {\n\t\t\t\tfloat: left;\n\t\t\t\tmargin-top: 10px;\n\t\t\t\ttext-align: center;\n\t\t\t\twidth: 33%;\n\t\t\t}\n\t\t\t#gallery-1 img {\n\t\t\t\tborder: 2px solid #cfcfcf;\n\t\t\t}\n\t\t\t#gallery-1 .gallery-caption {\n\t\t\t\tmargin-left: 0;\n\t\t\t}\n\t\t\t\/* see gallery_shortcode() in wp-includes\/media.php *\/\n\t\t<\/style>\n\t\t<div id='gallery-1' class='gallery galleryid-1546 gallery-columns-3 gallery-size-thumbnail'><dl class='gallery-item'>\n\t\t\t<dt class='gallery-icon landscape'>\n\t\t\t\t<a href='https:\/\/slovenci.rs\/wp-content\/uploads\/2014\/05\/3-manja.jpg'><img loading=\"lazy\" decoding=\"async\" width=\"150\" height=\"150\" src=\"https:\/\/slovenci.rs\/wp-content\/uploads\/2014\/05\/3-manja-150x150.jpg\" class=\"attachment-thumbnail size-thumbnail\" alt=\"\" \/><\/a>\n\t\t\t<\/dt><\/dl><dl class='gallery-item'>\n\t\t\t<dt class='gallery-icon landscape'>\n\t\t\t\t<a href='https:\/\/slovenci.rs\/wp-content\/uploads\/2014\/05\/2-manja.jpg'><img loading=\"lazy\" decoding=\"async\" width=\"150\" height=\"150\" src=\"https:\/\/slovenci.rs\/wp-content\/uploads\/2014\/05\/2-manja-150x150.jpg\" class=\"attachment-thumbnail size-thumbnail\" alt=\"\" \/><\/a>\n\t\t\t<\/dt><\/dl><dl class='gallery-item'>\n\t\t\t<dt class='gallery-icon landscape'>\n\t\t\t\t<a href='https:\/\/slovenci.rs\/wp-content\/uploads\/2014\/05\/1-manja.jpg'><img loading=\"lazy\" decoding=\"async\" width=\"150\" height=\"150\" src=\"https:\/\/slovenci.rs\/wp-content\/uploads\/2014\/05\/1-manja-150x150.jpg\" class=\"attachment-thumbnail size-thumbnail\" alt=\"\" \/><\/a>\n\t\t\t<\/dt><\/dl><br style=\"clear: both\" \/>\n\t\t<\/div>","protected":false},"excerpt":{"rendered":"<p>&nbsp; V soboto, 10. maja 2014 je Dru\u0161tvo Slovencev Kredarica organiziralo \u0161portno sre\u010danje za slovenska dru\u0161tva. V pre\u010dudovitem \u0161portnem centru Grand Cluba v gozdu akacij ob Ba\u010dki Palanki, so se mladi \u010dlani dru\u0161tev pomerili v tenisu, ko\u0161arki in odbojki iz Dru\u0161tva Slovencev Emona iz Rume, Dru\u0161tva Slovencev Planika iz Zrenjanina in Dru\u0161tva Slovencev Kredarica iz [&hellip;]<\/p>\n","protected":false},"author":1,"featured_media":0,"comment_status":"closed","ping_status":"closed","sticky":false,"template":"","format":"standard","meta":{"footnotes":""},"categories":[1],"tags":[],"class_list":["post-1546","post","type-post","status-publish","format-standard","hentry","category-uncategorized"],"_links":{"self":[{"href":"https:\/\/slovenci.rs\/sl\/wp-json\/wp\/v2\/posts\/1546","targetHints":{"allow":["GET"]}}],"collection":[{"href":"https:\/\/slovenci.rs\/sl\/wp-json\/wp\/v2\/posts"}],"about":[{"href":"https:\/\/slovenci.rs\/sl\/wp-json\/wp\/v2\/types\/post"}],"author":[{"embeddable":true,"href":"https:\/\/slovenci.rs\/sl\/wp-json\/wp\/v2\/users\/1"}],"replies":[{"embeddable":true,"href":"https:\/\/slovenci.rs\/sl\/wp-json\/wp\/v2\/comments?post=1546"}],"version-history":[{"count":1,"href":"https:\/\/slovenci.rs\/sl\/wp-json\/wp\/v2\/posts\/1546\/revisions"}],"predecessor-version":[{"id":1550,"href":"https:\/\/slovenci.rs\/sl\/wp-json\/wp\/v2\/posts\/1546\/revisions\/1550"}],"wp:attachment":[{"href":"https:\/\/slovenci.rs\/sl\/wp-json\/wp\/v2\/media?parent=1546"}],"wp:term":[{"taxonomy":"category","embeddable":true,"href":"https:\/\/slovenci.rs\/sl\/wp-json\/wp\/v2\/categories?post=1546"},{"taxonomy":"post_tag","embeddable":true,"href":"https:\/\/slovenci.rs\/sl\/wp-json\/wp\/v2\/tags?post=1546"}],"curies":[{"name":"wp","href":"https:\/\/api.w.org\/{rel}","templated":true}]}}