{"id":1551,"date":"2014-05-13T23:36:53","date_gmt":"2014-05-13T21:36:53","guid":{"rendered":"https:\/\/slovenci.rs\/?p=1551"},"modified":"2014-05-13T23:36:53","modified_gmt":"2014-05-13T21:36:53","slug":"vabilo-na-likovno-predstavo-jozeta-marinica-kadriranje","status":"publish","type":"post","link":"https:\/\/slovenci.rs\/sl\/vabilo-na-likovno-predstavo-jozeta-marinica-kadriranje\/","title":{"rendered":"Vabilo na likovno predstavo Jo\u017eeta Marini\u010da &#8222;Kadriranje&#8220;"},"content":{"rendered":"<p>&nbsp;<\/p>\n<p><a href=\"https:\/\/slovenci.rs\/wp-content\/uploads\/2014\/05\/Poziv-za-izlo\u017ebu-Jo\u017ee-Marin\u010d-15.5.14..pdf\">Poziv za izlo\u017ebu Jo\u017ee Marin\u010d 15.5.14.<\/a><\/p>","protected":false},"excerpt":{"rendered":"<p>&nbsp; Poziv za izlo\u017ebu Jo\u017ee Marin\u010d 15.5.14.<\/p>","protected":false},"author":1,"featured_media":0,"comment_status":"closed","ping_status":"closed","sticky":false,"template":"","format":"standard","meta":{"footnotes":""},"categories":[1],"tags":[],"class_list":["post-1551","post","type-post","status-publish","format-standard","hentry","category-uncategorized"],"_links":{"self":[{"href":"https:\/\/slovenci.rs\/sl\/wp-json\/wp\/v2\/posts\/1551","targetHints":{"allow":["GET"]}}],"collection":[{"href":"https:\/\/slovenci.rs\/sl\/wp-json\/wp\/v2\/posts"}],"about":[{"href":"https:\/\/slovenci.rs\/sl\/wp-json\/wp\/v2\/types\/post"}],"author":[{"embeddable":true,"href":"https:\/\/slovenci.rs\/sl\/wp-json\/wp\/v2\/users\/1"}],"replies":[{"embeddable":true,"href":"https:\/\/slovenci.rs\/sl\/wp-json\/wp\/v2\/comments?post=1551"}],"version-history":[{"count":1,"href":"https:\/\/slovenci.rs\/sl\/wp-json\/wp\/v2\/posts\/1551\/revisions"}],"predecessor-version":[{"id":1553,"href":"https:\/\/slovenci.rs\/sl\/wp-json\/wp\/v2\/posts\/1551\/revisions\/1553"}],"wp:attachment":[{"href":"https:\/\/slovenci.rs\/sl\/wp-json\/wp\/v2\/media?parent=1551"}],"wp:term":[{"taxonomy":"category","embeddable":true,"href":"https:\/\/slovenci.rs\/sl\/wp-json\/wp\/v2\/categories?post=1551"},{"taxonomy":"post_tag","embeddable":true,"href":"https:\/\/slovenci.rs\/sl\/wp-json\/wp\/v2\/tags?post=1551"}],"curies":[{"name":"wp","href":"https:\/\/api.w.org\/{rel}","templated":true}]}}