{"id":1612,"date":"2014-05-22T19:53:43","date_gmt":"2014-05-22T17:53:43","guid":{"rendered":"https:\/\/slovenci.rs\/?p=1612"},"modified":"2014-05-22T19:54:50","modified_gmt":"2014-05-22T17:54:50","slug":"vabilo-na-prireditev-nasa-slovenska-beseda","status":"publish","type":"post","link":"https:\/\/slovenci.rs\/sl\/vabilo-na-prireditev-nasa-slovenska-beseda\/","title":{"rendered":"Vabilo na prireditev &#8222;Na\u0161a slovenska beseda&#8220;"},"content":{"rendered":"<p>&nbsp;<\/p>\n<div>Spo\u0161tovani,<\/div>\n<div><\/div>\n<div>vabimo Vas na\u00a0 tokrat \u017ee 8. prireditev &#8222;Na\u0161a slovenska beseda&#8220;,<\/div>\n<div>\n<div>ki bo letos potekala v KUD-u PETEFI, Petefijeva 1, v soboto, 14.06.2014. Zgradba KUD-a<\/div>\n<div>se nahaja za ob\u010dinsko stavbo ob velikem parkiri\u0161\u010du (neko\u010d stara pijaca).<\/div>\n<div><\/div>\n<div>Sporo\u010dam \u0161e, da smo se u\u010diteljice s pro\u0161njo obrnile na Nacionalni svet, da bi se tudi tokrat pomagalo pri prevozu otrok, zato prosimo dru\u0161tva, da kontaktirajo in se dogovorijo zNacionalnim svetom glede organizacije in zagotavljanja finan\u010dne podpore (potrebno navesti \u0161tevilo udele\u017eencev, vrsta prevoza, cena).<\/div>\n<div><\/div>\n<\/div>\n<div>V prilogi se nahajata prijavnica in vabilo. Prosimo, da prijavnice vrnete do za\u010detka junija<\/div>\n<div>na email Slovenskega dru\u0161tva &#8222;Planika&#8220; (<a href=\"mailto:planikazr@yahoo.com\" target=\"_blank\">planikazr@yahoo.com<\/a>), ker bi potrebovali pribli\u017eno \u0161tevilo vseh udele\u017eencev<\/div>\n<div><\/div>\n<div><a href=\"https:\/\/slovenci.rs\/wp-content\/uploads\/2014\/05\/Na\u0161a_slovenska_beseda2014.pdf\">Na\u0161a_slovenska_beseda2014<\/a><\/div>\n<div><\/div>\n<div><a href=\"https:\/\/slovenci.rs\/wp-content\/uploads\/2014\/05\/Prijavnica-NSB1.doc\">Prijavnica NSB<\/a><\/div>\n<div><\/div>\n<div><a href=\"https:\/\/slovenci.rs\/wp-content\/uploads\/2014\/05\/Prijavnica-NSB1.pdf\">Prijavnica NSB<\/a><\/div>\n<div><\/div>\n<div><\/div>","protected":false},"excerpt":{"rendered":"<p>&nbsp; Spo\u0161tovani, vabimo Vas na\u00a0 tokrat \u017ee 8. prireditev &#8222;Na\u0161a slovenska beseda&#8220;, ki bo letos potekala v KUD-u PETEFI, Petefijeva 1, v soboto, 14.06.2014. Zgradba KUD-a se nahaja za ob\u010dinsko stavbo ob velikem parkiri\u0161\u010du (neko\u010d stara pijaca). Sporo\u010dam \u0161e, da smo se u\u010diteljice s pro\u0161njo obrnile na Nacionalni svet, da bi se tudi tokrat pomagalo [&hellip;]<\/p>\n","protected":false},"author":1,"featured_media":0,"comment_status":"closed","ping_status":"closed","sticky":false,"template":"","format":"standard","meta":{"footnotes":""},"categories":[1],"tags":[],"class_list":["post-1612","post","type-post","status-publish","format-standard","hentry","category-uncategorized"],"_links":{"self":[{"href":"https:\/\/slovenci.rs\/sl\/wp-json\/wp\/v2\/posts\/1612","targetHints":{"allow":["GET"]}}],"collection":[{"href":"https:\/\/slovenci.rs\/sl\/wp-json\/wp\/v2\/posts"}],"about":[{"href":"https:\/\/slovenci.rs\/sl\/wp-json\/wp\/v2\/types\/post"}],"author":[{"embeddable":true,"href":"https:\/\/slovenci.rs\/sl\/wp-json\/wp\/v2\/users\/1"}],"replies":[{"embeddable":true,"href":"https:\/\/slovenci.rs\/sl\/wp-json\/wp\/v2\/comments?post=1612"}],"version-history":[{"count":4,"href":"https:\/\/slovenci.rs\/sl\/wp-json\/wp\/v2\/posts\/1612\/revisions"}],"predecessor-version":[{"id":1621,"href":"https:\/\/slovenci.rs\/sl\/wp-json\/wp\/v2\/posts\/1612\/revisions\/1621"}],"wp:attachment":[{"href":"https:\/\/slovenci.rs\/sl\/wp-json\/wp\/v2\/media?parent=1612"}],"wp:term":[{"taxonomy":"category","embeddable":true,"href":"https:\/\/slovenci.rs\/sl\/wp-json\/wp\/v2\/categories?post=1612"},{"taxonomy":"post_tag","embeddable":true,"href":"https:\/\/slovenci.rs\/sl\/wp-json\/wp\/v2\/tags?post=1612"}],"curies":[{"name":"wp","href":"https:\/\/api.w.org\/{rel}","templated":true}]}}