{"id":1738,"date":"2014-10-01T16:56:58","date_gmt":"2014-10-01T14:56:58","guid":{"rendered":"https:\/\/slovenci.rs\/?p=1738"},"modified":"2014-10-01T16:57:44","modified_gmt":"2014-10-01T14:57:44","slug":"svetovni-dnevi-slovenskega-jezika-zepna-slovenscina","status":"publish","type":"post","link":"https:\/\/slovenci.rs\/sl\/svetovni-dnevi-slovenskega-jezika-zepna-slovenscina\/","title":{"rendered":"Svetovni dnevi slovenskega jezika: \u017depna sloven\u0161\u010dina"},"content":{"rendered":"<p>&nbsp;<\/p>\n<p>&nbsp;<\/p>\n<p>Spo\u0161tovani,<\/p>\n<p>&nbsp;<\/p>\n<p>v okviru programa Sloven\u0161\u010dina na tujih univerzah, ki povezuje pribli\u017eno 60 univerz po svetu in deluje v okviru Centra za sloven\u0161\u010dino kot drugi\/tuji jezik pri Oddelku za slovenistiko Filozofske fakultete Univerze v Ljubljani, pripravljamo v letu 2014 nov mednarodni kulturni projekt, tokrat pod naslovom\u00a0<em>Svetovni dnevi slovenskega jezika<\/em>. Projekt bo za javnost v obliki razli\u010dnih dogodkov (tematskih ve\u010derov, dnevov odprtih vrat, jezikoslovnih konferenc itn.) na tujih univerzah izveden v tednu od 1. do 5. decembra 2014, njegov cilj pa je tuji univerzitetni in \u0161ir\u0161i javnosti predstaviti slovenski jezik v sodelovanju u\u010diteljev in \u0161tudentov sloven\u0161\u010dine na univerzah po svetu.<br \/>\nV ta namen smo skupaj s \u0161tudenti in u\u010ditelji na lektoratih sloven\u0161\u010dine po svetu prevedli knji\u017eico\u00a0<em>\u017depna sloven\u0161\u010dina<\/em>\u00a0v 22 tujih jezikov:<\/p>\n<p>angle\u0161\u010dino, argentinsko \u0161pan\u0161\u010dino, bolgar\u0161\u010dino, \u010de\u0161\u010dino, franco\u0161\u010dino, hrva\u0161\u010dino, italijan\u0161\u010dino, japon\u0161\u010dino, kitaj\u0161\u010dino, litov\u0161\u010dino, mad\u017ear\u0161\u010dino, makedon\u0161\u010dino, nem\u0161\u010dino, nizozem\u0161\u010dino, polj\u0161\u010dino, portugal\u0161\u010dino, romun\u0161\u010dino, ru\u0161\u010dino, slova\u0161\u010dino,\u00a0<strong><span style=\"text-decoration: underline;\">srb\u0161\u010dino<\/span><\/strong>, \u0161pan\u0161\u010dino in ukrajin\u0161\u010dino.<\/p>\n<p>&nbsp;<\/p>\n<p>Dvojezi\u010dna knji\u017eica na 125 straneh je nastala na Centru za sloven\u0161\u010dino kot drugi\/tuji jezik, pripravljena je strokovno, didakti\u010dno ustrezno in s kan\u010dkom humorja. Na koncu vsakega poglavja so navedene\u00a0<em>Zanimivosti,<\/em>\u00a0ponekod s primerjavami tujih jezikov in dr\u017eav. Namenjena je prvemu sre\u010danju tujcev s sloven\u0161\u010dino, Slovenijo in slovensko kulturo preko svojega jezika, vsebuje uporabne teme in povezave.<\/p>\n<p>&nbsp;<\/p>\n<p>Do novembra bomo knji\u017eice natisnili v vseh 22 jezikih, zaradi omejenih finan\u010dnih sredstev v manj\u0161em \u0161tevilu, to je za izvedbo projekta na lektoratih. Ker gre za prvi natis tovrstne predstavitve slovenskega jezika, pa bodo knji\u017eice uporabne tudi \u0161ir\u0161e kot darila \u2013 za promocijo Slovenije, slovenske kulture in jezika. V prilogi je naro\u010dilnica, \u010de ste morda zainteresirani za nakup knji\u017eic v dolo\u010denem jeziku. Naklado knji\u017eic bomo tako prilagodili naro\u010dilom. Cena posamezne knji\u017eice je 5 evrov (dodaten stro\u0161ek je stro\u0161ek po\u0161iljanja).<\/p>\n<p>&nbsp;<\/p>\n<p>Naro\u010dila za knji\u017eice bomo zbirali\u00a0<strong>do 6. oktobra 2014<\/strong>\u00a0na naslovu\u00a0<a href=\"mailto:mojca.nidorfer-siskovic@ff.uni-lj.si\" target=\"_blank\">mojca.nidorfer-siskovic@ff.<wbr>uni-lj.si<\/wbr><\/a>,\u00a0prav tako smo vam na tem naslovu na razpolago za vsa dodatna vpra\u0161anja.<\/p>\n<p>&nbsp;<\/p>\n<p>Veselimo se sodelovanja in vas lepo pozdravljamo.<br \/>\nMojca Nidorfer \u0160i\u0161kovi\u010d<\/p>\n<p>vodja programa Sloven\u0161\u010dina na tujih univerzah<\/p>\n<p>&nbsp;<\/p>\n<p><a href=\"https:\/\/slovenci.rs\/wp-content\/uploads\/2014\/10\/Zepna-slovenscina.docx\">Zepna slovenscina<\/a><\/p>","protected":false},"excerpt":{"rendered":"<p>&nbsp; &nbsp; Spo\u0161tovani, &nbsp; v okviru programa Sloven\u0161\u010dina na tujih univerzah, ki povezuje pribli\u017eno 60 univerz po svetu in deluje v okviru Centra za sloven\u0161\u010dino kot drugi\/tuji jezik pri Oddelku za slovenistiko Filozofske fakultete Univerze v Ljubljani, pripravljamo v letu 2014 nov mednarodni kulturni projekt, tokrat pod naslovom\u00a0Svetovni dnevi slovenskega jezika. Projekt bo za javnost [&hellip;]<\/p>\n","protected":false},"author":1,"featured_media":0,"comment_status":"closed","ping_status":"closed","sticky":false,"template":"","format":"standard","meta":{"footnotes":""},"categories":[1],"tags":[],"class_list":["post-1738","post","type-post","status-publish","format-standard","hentry","category-uncategorized"],"_links":{"self":[{"href":"https:\/\/slovenci.rs\/sl\/wp-json\/wp\/v2\/posts\/1738","targetHints":{"allow":["GET"]}}],"collection":[{"href":"https:\/\/slovenci.rs\/sl\/wp-json\/wp\/v2\/posts"}],"about":[{"href":"https:\/\/slovenci.rs\/sl\/wp-json\/wp\/v2\/types\/post"}],"author":[{"embeddable":true,"href":"https:\/\/slovenci.rs\/sl\/wp-json\/wp\/v2\/users\/1"}],"replies":[{"embeddable":true,"href":"https:\/\/slovenci.rs\/sl\/wp-json\/wp\/v2\/comments?post=1738"}],"version-history":[{"count":2,"href":"https:\/\/slovenci.rs\/sl\/wp-json\/wp\/v2\/posts\/1738\/revisions"}],"predecessor-version":[{"id":1741,"href":"https:\/\/slovenci.rs\/sl\/wp-json\/wp\/v2\/posts\/1738\/revisions\/1741"}],"wp:attachment":[{"href":"https:\/\/slovenci.rs\/sl\/wp-json\/wp\/v2\/media?parent=1738"}],"wp:term":[{"taxonomy":"category","embeddable":true,"href":"https:\/\/slovenci.rs\/sl\/wp-json\/wp\/v2\/categories?post=1738"},{"taxonomy":"post_tag","embeddable":true,"href":"https:\/\/slovenci.rs\/sl\/wp-json\/wp\/v2\/tags?post=1738"}],"curies":[{"name":"wp","href":"https:\/\/api.w.org\/{rel}","templated":true}]}}