{"id":1836,"date":"2014-11-02T14:59:24","date_gmt":"2014-11-02T13:59:24","guid":{"rendered":"https:\/\/slovenci.rs\/?p=1836"},"modified":"2014-11-02T14:59:24","modified_gmt":"2014-11-02T13:59:24","slug":"sednice-republicke-izborne-komisije","status":"publish","type":"post","link":"https:\/\/slovenci.rs\/sl\/sednice-republicke-izborne-komisije\/","title":{"rendered":"SEDNICE REPUBLI\u010cKE IZBORNE KOMISIJE"},"content":{"rendered":"<p>&nbsp;<\/p>\n<p>Republi\u010dka izborna komisija je na 49. sednici, odr\u017eanoj 29. oktobra, utvrdila Izve\u0161taj o ukupnim rezultatima izbora za \u010dlanove nacionalnih saveta a\u0161kalijske, bunjeva\u010dke, bugarske, vla\u0161ke, gr\u010dke, egipatske, ma\u0111arske, nema\u010dke, romske, rumunske, rusinske, slovena\u010dke, slova\u010dke, \u010de\u0161ke i ukrajinske nacionalne manjine.<\/p>\n<p>&nbsp;<\/p>\n<p>Republi\u010dka izborna komisija je na 50. sednici, odr\u017eanoj 31. oktobra, donela re\u0161enja o dodeli mandata \u010dlanova nacionalnih saveta a\u0161kalijske, bugarske, bunjeva\u010dke, vla\u0161ke, gr\u010dke, egipatske, ma\u0111arske, nema\u010dke, romske, rumunske, rusinske, slova\u010dke, slovena\u010dke, ukrajinske i \u010de\u0161ke nacionalne manjine<\/p>","protected":false},"excerpt":{"rendered":"<p>&nbsp; Republi\u010dka izborna komisija je na 49. sednici, odr\u017eanoj 29. oktobra, utvrdila Izve\u0161taj o ukupnim rezultatima izbora za \u010dlanove nacionalnih saveta a\u0161kalijske, bunjeva\u010dke, bugarske, vla\u0161ke, gr\u010dke, egipatske, ma\u0111arske, nema\u010dke, romske, rumunske, rusinske, slovena\u010dke, slova\u010dke, \u010de\u0161ke i ukrajinske nacionalne manjine. &nbsp; Republi\u010dka izborna komisija je na 50. sednici, odr\u017eanoj 31. oktobra, donela re\u0161enja o dodeli mandata [&hellip;]<\/p>\n","protected":false},"author":1,"featured_media":0,"comment_status":"closed","ping_status":"closed","sticky":false,"template":"","format":"standard","meta":{"footnotes":""},"categories":[1],"tags":[],"class_list":["post-1836","post","type-post","status-publish","format-standard","hentry","category-uncategorized"],"_links":{"self":[{"href":"https:\/\/slovenci.rs\/sl\/wp-json\/wp\/v2\/posts\/1836","targetHints":{"allow":["GET"]}}],"collection":[{"href":"https:\/\/slovenci.rs\/sl\/wp-json\/wp\/v2\/posts"}],"about":[{"href":"https:\/\/slovenci.rs\/sl\/wp-json\/wp\/v2\/types\/post"}],"author":[{"embeddable":true,"href":"https:\/\/slovenci.rs\/sl\/wp-json\/wp\/v2\/users\/1"}],"replies":[{"embeddable":true,"href":"https:\/\/slovenci.rs\/sl\/wp-json\/wp\/v2\/comments?post=1836"}],"version-history":[{"count":1,"href":"https:\/\/slovenci.rs\/sl\/wp-json\/wp\/v2\/posts\/1836\/revisions"}],"predecessor-version":[{"id":1837,"href":"https:\/\/slovenci.rs\/sl\/wp-json\/wp\/v2\/posts\/1836\/revisions\/1837"}],"wp:attachment":[{"href":"https:\/\/slovenci.rs\/sl\/wp-json\/wp\/v2\/media?parent=1836"}],"wp:term":[{"taxonomy":"category","embeddable":true,"href":"https:\/\/slovenci.rs\/sl\/wp-json\/wp\/v2\/categories?post=1836"},{"taxonomy":"post_tag","embeddable":true,"href":"https:\/\/slovenci.rs\/sl\/wp-json\/wp\/v2\/tags?post=1836"}],"curies":[{"name":"wp","href":"https:\/\/api.w.org\/{rel}","templated":true}]}}