{"id":1839,"date":"2014-11-02T15:01:59","date_gmt":"2014-11-02T14:01:59","guid":{"rendered":"https:\/\/slovenci.rs\/?p=1839"},"modified":"2014-11-02T15:02:31","modified_gmt":"2014-11-02T14:02:31","slug":"saopstenje-ministarstva-drzavne-uprave-i-lokalne-samouprave","status":"publish","type":"post","link":"https:\/\/slovenci.rs\/sl\/saopstenje-ministarstva-drzavne-uprave-i-lokalne-samouprave\/","title":{"rendered":"Saop\u0161tenje Ministarstva dr\u017eavne uprave i lokalne samouprave"},"content":{"rendered":"<h1>Udovi\u010dki: spre\u010diti politizaciju saveta nacionalnih manjina<\/h1>\n<p>Potpredsednica Vlade i ministarka dr\u017eavne uprave i lokalne samouprave Kori Udovi\u010dki izrazila je zadovol\u0458stvo na\u010dinom na koji su sprovedeni izbori za nacionalne savete nacionalnih manjina, ali i istakla da je sada potrebno spre\u010diti njihovu politizaciju.<\/p>\n<p>&#8222;Kada je re\u010d o proceduri mi smo zadovol\u0458ni, ali moram da naglasim da mislimo da je politizacija celog izbornog procesa bila visoka i da sada moramo dobro da razmislimo kako da ne do\u0111e do politizacije rada tih saveta&#8220;, kazala je Udovi\u010dki Tanjugu.<\/p>\n<p>Ona je navela da je funkcija nacionalnih saveta nacionalnih manjina, u skladu sa Ustavom Srbije, ostvarivanje kulturne autonomije, odr\u017eanje identiteta pripadnika nacionalnih manjina i da nema razloga da &#8222;dr\u017eava finansira ne\u010diji politi\u010dki rad u tom smislu&#8220;. Kako je navela ministarka, izlaznost na izbore za nacionalne savete nacionalnih manjina je bila zna\u010dajna.<\/p>\n<p>&#8222;O\u010dekujemo da \u0107e zaista ti saveti sada da budu konstituisani kako treba. Pripremili smo podzakonska akta koja poma\u017eu u tome, pripremamo jo\u0161 neka akta da ba\u0161 onako pomognemo da na prvim sednicama, konstitutivnim sednicama saveta, l\u0458udi ta\u010dno znaju, da nemaju dilema, ko predsedava do izbora predsedavaju\u0107eg i sli\u010dno&#8220;, kazala je Kori Udovi\u010dki.<\/p>\n<p>Prema njenim re\u010dima, pokazalo se da su izmene Zakona o nacionalnim savetima nacionalnih manjina koje su usvojene u maju u Skup\u0161tini Srbije bile dobro koncipirane i osmi\u0161l\u0458ene. &#8222;To \u0161to \u0107e da se ponove izbori na \u010detiri izborna mesta, to je minimalno&#8220;, kazala je ministarka.<\/p>\n<p>Republi\u010dka izborna komisija, koja je sprovela izbore za nacionalne savete nacionalnih manina, odlu\u010dila je da se ti izbori ponove na \u010detiri izborna mesta u Tutinu i Bujanovcu, zbog nepravilnosti koje su se dogodile u toku glasanja u nedel\u0458u, 26. oktobra. Izbori za Savet bo\u0161nja\u010dke nacionalne manjine ponovi\u0107e se na tri mesta u op\u0161tini Tutin, dok \u0107e u Bujanovcu na jednom mestu biti ponovl\u0458eni izbori za Savet albanske manjine.<\/p>\n<p>Udovi\u010dki je navela da su elektorske skup\u0161tine za sve tri nacionalne manjine koje su i\u0161le na elektorske izbore &#8211; hrvatska, crnogorska i makedonska zajednica, sasvim dobro pro\u0161l<\/p>\n<p>&nbsp;<\/p>","protected":false},"excerpt":{"rendered":"<p>Udovi\u010dki: spre\u010diti politizaciju saveta nacionalnih manjina Potpredsednica Vlade i ministarka dr\u017eavne uprave i lokalne samouprave Kori Udovi\u010dki izrazila je zadovol\u0458stvo na\u010dinom na koji su sprovedeni izbori za nacionalne savete nacionalnih manjina, ali i istakla da je sada potrebno spre\u010diti njihovu politizaciju. &#8222;Kada je re\u010d o proceduri mi smo zadovol\u0458ni, ali moram da naglasim da mislimo [&hellip;]<\/p>\n","protected":false},"author":1,"featured_media":0,"comment_status":"closed","ping_status":"closed","sticky":false,"template":"","format":"standard","meta":{"footnotes":""},"categories":[1],"tags":[],"class_list":["post-1839","post","type-post","status-publish","format-standard","hentry","category-uncategorized"],"_links":{"self":[{"href":"https:\/\/slovenci.rs\/sl\/wp-json\/wp\/v2\/posts\/1839","targetHints":{"allow":["GET"]}}],"collection":[{"href":"https:\/\/slovenci.rs\/sl\/wp-json\/wp\/v2\/posts"}],"about":[{"href":"https:\/\/slovenci.rs\/sl\/wp-json\/wp\/v2\/types\/post"}],"author":[{"embeddable":true,"href":"https:\/\/slovenci.rs\/sl\/wp-json\/wp\/v2\/users\/1"}],"replies":[{"embeddable":true,"href":"https:\/\/slovenci.rs\/sl\/wp-json\/wp\/v2\/comments?post=1839"}],"version-history":[{"count":2,"href":"https:\/\/slovenci.rs\/sl\/wp-json\/wp\/v2\/posts\/1839\/revisions"}],"predecessor-version":[{"id":1841,"href":"https:\/\/slovenci.rs\/sl\/wp-json\/wp\/v2\/posts\/1839\/revisions\/1841"}],"wp:attachment":[{"href":"https:\/\/slovenci.rs\/sl\/wp-json\/wp\/v2\/media?parent=1839"}],"wp:term":[{"taxonomy":"category","embeddable":true,"href":"https:\/\/slovenci.rs\/sl\/wp-json\/wp\/v2\/categories?post=1839"},{"taxonomy":"post_tag","embeddable":true,"href":"https:\/\/slovenci.rs\/sl\/wp-json\/wp\/v2\/tags?post=1839"}],"curies":[{"name":"wp","href":"https:\/\/api.w.org\/{rel}","templated":true}]}}