{"id":1916,"date":"2014-12-12T07:35:39","date_gmt":"2014-12-12T06:35:39","guid":{"rendered":"https:\/\/slovenci.rs\/?p=1916"},"modified":"2014-12-12T07:35:39","modified_gmt":"2014-12-12T06:35:39","slug":"obvestilo-urad-vlade-rs-za-slovence-v-zamejstvu-in-po-svetu-objavlja-xiii-nagradni-natecaj-rok-za-prijave-je-12-12-2015","status":"publish","type":"post","link":"https:\/\/slovenci.rs\/sl\/obvestilo-urad-vlade-rs-za-slovence-v-zamejstvu-in-po-svetu-objavlja-xiii-nagradni-natecaj-rok-za-prijave-je-12-12-2015\/","title":{"rendered":"Obvestilo: Urad Vlade RS   za Slovence v zamejstvu in po svetu   objavlja XIII. nagradni nate\u010daj (rok za   prijave je 12.12.2015)"},"content":{"rendered":"<p>&nbsp;<\/p>\n<div dir=\"ltr\">\u00a0\u200bSpo\u0161tovani,<\/p>\n<p>V prilogi ponovno po\u0161iljamo informacijo o<br \/>\nnate\u010daju Urada Vlade RS za Slovence v<br \/>\nzamejstvu in po svetu, katerega namen je<br \/>\nspodbujanje raziskovalne dejavnosti<br \/>\ndodiplomskih in podiplomskih \u0161tudentov na<br \/>\npodro\u010dju zamejske in izseljenske tematike<\/p><\/div>\n<div dir=\"ltr\">\u00a0in s tem krepitev zavesti o njeni<br \/>\npomembnosti za ohranjanje slovenske<br \/>\nidentitete v mati\u010dni domovini in zunaj<br \/>\nnjenih meja. Rok za prijave je 12. december<br \/>\n2015.<\/p>\n<p>Dodatne informacije dobite na tel. \u0161t.<br \/>\n(00386) (0)1 230 80 11<br \/>\n(dr. Zvone \u017digon) ali preko elektronske<br \/>\npo\u0161te: <a href=\"mailto:zvone.zigon@gov.si\" target=\"_blank\">zvone.zigon@gov.si<\/a>.<\/p>\n<p>Naj vam pride prav! \u200b<\/p><\/div>\n<div dir=\"ltr\"><\/div>\n<div dir=\"ltr\"><a href=\"https:\/\/slovenci.rs\/wp-content\/uploads\/2014\/12\/razpis-XIII.-nate\u010daja.pdf\">razpis XIII. nate\u010daja<\/a><\/div>\n<div dir=\"ltr\"><\/div>\n<div dir=\"ltr\"><a href=\"https:\/\/slovenci.rs\/wp-content\/uploads\/2014\/12\/razpis-Nagradnega-nate\u010daja-XIII..doc\">razpis Nagradnega nate\u010daja XIII.<\/a><\/div>","protected":false},"excerpt":{"rendered":"<p>&nbsp; \u00a0\u200bSpo\u0161tovani, V prilogi ponovno po\u0161iljamo informacijo o nate\u010daju Urada Vlade RS za Slovence v zamejstvu in po svetu, katerega namen je spodbujanje raziskovalne dejavnosti dodiplomskih in podiplomskih \u0161tudentov na podro\u010dju zamejske in izseljenske tematike \u00a0in s tem krepitev zavesti o njeni pomembnosti za ohranjanje slovenske identitete v mati\u010dni domovini in zunaj njenih meja. Rok [&hellip;]<\/p>\n","protected":false},"author":1,"featured_media":0,"comment_status":"closed","ping_status":"closed","sticky":false,"template":"","format":"standard","meta":{"footnotes":""},"categories":[1],"tags":[],"class_list":["post-1916","post","type-post","status-publish","format-standard","hentry","category-uncategorized"],"_links":{"self":[{"href":"https:\/\/slovenci.rs\/sl\/wp-json\/wp\/v2\/posts\/1916","targetHints":{"allow":["GET"]}}],"collection":[{"href":"https:\/\/slovenci.rs\/sl\/wp-json\/wp\/v2\/posts"}],"about":[{"href":"https:\/\/slovenci.rs\/sl\/wp-json\/wp\/v2\/types\/post"}],"author":[{"embeddable":true,"href":"https:\/\/slovenci.rs\/sl\/wp-json\/wp\/v2\/users\/1"}],"replies":[{"embeddable":true,"href":"https:\/\/slovenci.rs\/sl\/wp-json\/wp\/v2\/comments?post=1916"}],"version-history":[{"count":1,"href":"https:\/\/slovenci.rs\/sl\/wp-json\/wp\/v2\/posts\/1916\/revisions"}],"predecessor-version":[{"id":1919,"href":"https:\/\/slovenci.rs\/sl\/wp-json\/wp\/v2\/posts\/1916\/revisions\/1919"}],"wp:attachment":[{"href":"https:\/\/slovenci.rs\/sl\/wp-json\/wp\/v2\/media?parent=1916"}],"wp:term":[{"taxonomy":"category","embeddable":true,"href":"https:\/\/slovenci.rs\/sl\/wp-json\/wp\/v2\/categories?post=1916"},{"taxonomy":"post_tag","embeddable":true,"href":"https:\/\/slovenci.rs\/sl\/wp-json\/wp\/v2\/tags?post=1916"}],"curies":[{"name":"wp","href":"https:\/\/api.w.org\/{rel}","templated":true}]}}