{"id":2057,"date":"2015-04-22T12:04:16","date_gmt":"2015-04-22T10:04:16","guid":{"rendered":"https:\/\/slovenci.rs\/?p=2057"},"modified":"2015-04-22T12:04:16","modified_gmt":"2015-04-22T10:04:16","slug":"donacija-os-u-maljurevcu","status":"publish","type":"post","link":"https:\/\/slovenci.rs\/sl\/donacija-os-u-maljurevcu\/","title":{"rendered":"DONACIJA O\u0160 U MALJUREVCU"},"content":{"rendered":"<div>Na inicijativu Sa\u0161e Radi\u0107a, predsednika Udru\u017eenja Slovenaca iz Kostolca, koje je ogranak Dru\u0161tva &#8220; Sava&#8220; iz Beograda, Osnovnoj skoli &#8220; Bo\u017eidar Dimitrijevi\u0107 Kozica&#8220;\u00a0 u Maljurevcu 17. aprila 2015. godine\u00a0 uru\u010dena je donacija od 3600 evra koje je obezbedila kompanija &#8222;Triglav osiguranje&#8220; iz Slovenije.<\/p>\n<div>Obezbedjeno je 20 \u0161kolskih klupa, 40 stolica, dve nastavni\u010dke katedre, dve \u0161kolske table, dva kompjuterska stola, jedan konferencijski sto i osam konferencijskih stolica i zamenjena su sva unutra\u0161nja vrata novim PVC vratima.<\/div>\n<div>Uru\u010denju donacije su prisustvovali otpravnik poslova ambasede Republike Slovenije Mateja Nor\u010di\u010d \u0160tamcar, Generalni direktor Triglav osiguranja Dragan Markovi\u0107, Izvr\u0161ni direktor Triglav osiguranja<\/div>\n<div>Matja\u017e Bozi\u010d, predsednik Skup\u0161tine Grada Po\u017earevca Bane Spasovi\u0107, predsednik Gradske op\u0161tine Kostolac Ivan Savi\u0107.<\/div>\n<div><\/div>\n<div>Linkovi:<\/p>\n<div><\/div>\n<\/div>\n<\/div>\n<div><\/div>\n<div>\n<div><a href=\"https:\/\/www.youtube.com\/watch?v=8ImcPZXtYcg\" target=\"_blank\">https:\/\/www.youtube.com\/watch?<wbr \/>v=8ImcPZXtYcg<\/a><\/div>\n<div><\/div>\n<div><a href=\"http:\/\/boom93.com\/info\/lokalne-vesti\/26843\/skoli-u-maljurevcu-urucena-donacija-u-vrednosti-od-3.600-evra.html\" target=\"_blank\">http:\/\/boom93.com\/info\/<wbr \/>lokalne-vesti\/26843\/skoli-u-<wbr \/>maljurevcu-urucena-donacija-u-<wbr \/>vrednosti-od-3.600-evra.html<\/a><\/div>\n<div><\/div>\n<div><a href=\"http:\/\/www.ebranicevo.com\/pozarevac\/dogadjaji\/vest\/6119\/kompletna-unutrasnja-stolarija-za-skolu-u-maruljevcu-foto.html\" target=\"_blank\">http:\/\/www.ebranicevo.com\/<wbr \/>pozarevac\/dogadjaji\/vest\/6119\/<wbr \/>kompletna-unutrasnja-<wbr \/>stolarija-za-skolu-u-<wbr \/>maruljevcu-foto.html<\/a><\/div>\n<div><\/div>\n<div><a href=\"http:\/\/vesti.pozarevac.rs\/?vest=247582\" target=\"_blank\">http:\/\/vesti.pozarevac.rs\/?<wbr \/>vest=247582<\/a><\/div>\n<div><\/div>\n<div><a href=\"http:\/\/radiopozarevac.rs\/2015\/04\/donacija-od-3-600-evra-za-skolu-u-maljurevcu\/\" target=\"_blank\">http:\/\/radiopozarevac.rs\/2015\/<wbr \/>04\/donacija-od-3-600-evra-za-<wbr \/>skolu-u-maljurevcu\/<\/a><\/div>\n<div><\/div>\n<div><a href=\"https:\/\/www.youtube.com\/watch?v=6vgqg2DWXFQ\" target=\"_blank\">https:\/\/www.youtube.com\/watch?<wbr \/>v=6vgqg2DWXFQ<\/a><\/div>\n<\/div>","protected":false},"excerpt":{"rendered":"<p>Na inicijativu Sa\u0161e Radi\u0107a, predsednika Udru\u017eenja Slovenaca iz Kostolca, koje je ogranak Dru\u0161tva &#8220; Sava&#8220; iz Beograda, Osnovnoj skoli &#8220; Bo\u017eidar Dimitrijevi\u0107 Kozica&#8220;\u00a0 u Maljurevcu 17. aprila 2015. godine\u00a0 uru\u010dena je donacija od 3600 evra koje je obezbedila kompanija &#8222;Triglav osiguranje&#8220; iz Slovenije. Obezbedjeno je 20 \u0161kolskih klupa, 40 stolica, dve nastavni\u010dke katedre, dve \u0161kolske [&hellip;]<\/p>\n","protected":false},"author":1,"featured_media":0,"comment_status":"closed","ping_status":"closed","sticky":false,"template":"","format":"standard","meta":{"footnotes":""},"categories":[1],"tags":[],"class_list":["post-2057","post","type-post","status-publish","format-standard","hentry","category-uncategorized"],"_links":{"self":[{"href":"https:\/\/slovenci.rs\/sl\/wp-json\/wp\/v2\/posts\/2057","targetHints":{"allow":["GET"]}}],"collection":[{"href":"https:\/\/slovenci.rs\/sl\/wp-json\/wp\/v2\/posts"}],"about":[{"href":"https:\/\/slovenci.rs\/sl\/wp-json\/wp\/v2\/types\/post"}],"author":[{"embeddable":true,"href":"https:\/\/slovenci.rs\/sl\/wp-json\/wp\/v2\/users\/1"}],"replies":[{"embeddable":true,"href":"https:\/\/slovenci.rs\/sl\/wp-json\/wp\/v2\/comments?post=2057"}],"version-history":[{"count":1,"href":"https:\/\/slovenci.rs\/sl\/wp-json\/wp\/v2\/posts\/2057\/revisions"}],"predecessor-version":[{"id":2058,"href":"https:\/\/slovenci.rs\/sl\/wp-json\/wp\/v2\/posts\/2057\/revisions\/2058"}],"wp:attachment":[{"href":"https:\/\/slovenci.rs\/sl\/wp-json\/wp\/v2\/media?parent=2057"}],"wp:term":[{"taxonomy":"category","embeddable":true,"href":"https:\/\/slovenci.rs\/sl\/wp-json\/wp\/v2\/categories?post=2057"},{"taxonomy":"post_tag","embeddable":true,"href":"https:\/\/slovenci.rs\/sl\/wp-json\/wp\/v2\/tags?post=2057"}],"curies":[{"name":"wp","href":"https:\/\/api.w.org\/{rel}","templated":true}]}}