{"id":2258,"date":"2015-10-31T10:03:53","date_gmt":"2015-10-31T09:03:53","guid":{"rendered":"https:\/\/slovenci.rs\/?p=2258"},"modified":"2015-10-31T10:04:51","modified_gmt":"2015-10-31T09:04:51","slug":"podrska-unapredenju-ljudskih-prava-i-nulta-diskriminacija-za-toleranciju","status":"publish","type":"post","link":"https:\/\/slovenci.rs\/sl\/podrska-unapredenju-ljudskih-prava-i-nulta-diskriminacija-za-toleranciju\/","title":{"rendered":"Podr\u0161ka unapre\u0111enju ljudskih prava i nulta diskriminacija za toleranciju"},"content":{"rendered":"<p>&nbsp;<\/p>\n<p>9. oktobra 2015. godine odr\u017eana je sve\u010dana promocija projekta Podr\u0161ka unapre\u0111enju ljudskih prava i nulta diskriminacija za toleranciju. U ime Nacionalnog saveta slovena\u010dke manjine sve\u010danosti su prisustvovali Sa\u0161a Verbi\u010d, predsednik i Barbara Navala, sekretar NS.<\/p>\n<p>&nbsp;<\/p>\n<p>Evropska unija je zapo\u010dela sa sprovo\u0111enjem spomenutog twinning projekta, koji \u0107e zajedni\u010dki sprovoditi Institut za ljudska prava \u201eLudwih Boltzmann\u201c iz Republike Austrije, Kancelarija za nacionalne manjine Republike Slovenije, Kancelarija za ljudska i manjinska prava vlade Republike Srbije i Poverenik za za\u0161titu ravnopravnosti Republike Srbije.<\/p>\n<p>&nbsp;<\/p>\n<p>Projekat \u0107e trajati slede\u0107ih godinu i po dana i bi\u0107e finansiran od strane EU u iznosu od 1,2 miliona eura i ko-finansiran od strane Republike Srbije u iznosu od 60.000 eura. Projekat \u0107e osna\u017eiti i zalagati se za sprovo\u0111enje relevantnog zakonskog okvira vezanog za za\u0161titu od diskriminacije, za\u0161titu manjina i branioca ljudskih prava, i nastojati da isti usaglasi sa evropskim standardima. Jedan od va\u017enih elemenata projekta \u0107e biti zalaganje sa sprovo\u0111enjem mera vezanih za osnovna prava iz Akcionog plana za poglavlje 23 i usresre\u0111enost na principe borbe protiv diskriminacije i polo\u017eaj dru\u0161tveno ranljivih grupa i nacionalnih manjina. Cilj je tako\u0111e da se osna\u017ee postoje\u0107i kapaciteti Kancelarije za ljudska i manjinska prava, Poverenika za za\u0161titu ravnopravnosti i drugih klju\u010dnih zainteresovanih strana za sprovo\u0111enje principa ljudskih prava i ve\u0107u u\u010dinkovitost antidiskriminacionih politika na nacionalnom i lokalnom nivou.<\/p>\n<p>&nbsp;<\/p>\n<p>Ispred Republike Slovenije o sprovo\u0111enju projekta i slovena\u010dkim i evropskih iskustvima i izazovima po tom pitanju su govorili Mateja Nor\u010di\u010d \u0160tamcar, otpravnica poslova Ambasade Republike Slovenije u Srbiji i Stane Baluh, direktor kancelarije za nacionalne manjine Republike Slovenije<\/p>","protected":false},"excerpt":{"rendered":"<p>&nbsp; 9. oktobra 2015. godine odr\u017eana je sve\u010dana promocija projekta Podr\u0161ka unapre\u0111enju ljudskih prava i nulta diskriminacija za toleranciju. U ime Nacionalnog saveta slovena\u010dke manjine sve\u010danosti su prisustvovali Sa\u0161a Verbi\u010d, predsednik i Barbara Navala, sekretar NS. &nbsp; Evropska unija je zapo\u010dela sa sprovo\u0111enjem spomenutog twinning projekta, koji \u0107e zajedni\u010dki sprovoditi Institut za ljudska prava \u201eLudwih [&hellip;]<\/p>\n","protected":false},"author":1,"featured_media":0,"comment_status":"closed","ping_status":"closed","sticky":false,"template":"","format":"standard","meta":{"footnotes":""},"categories":[1],"tags":[],"class_list":["post-2258","post","type-post","status-publish","format-standard","hentry","category-uncategorized"],"_links":{"self":[{"href":"https:\/\/slovenci.rs\/sl\/wp-json\/wp\/v2\/posts\/2258","targetHints":{"allow":["GET"]}}],"collection":[{"href":"https:\/\/slovenci.rs\/sl\/wp-json\/wp\/v2\/posts"}],"about":[{"href":"https:\/\/slovenci.rs\/sl\/wp-json\/wp\/v2\/types\/post"}],"author":[{"embeddable":true,"href":"https:\/\/slovenci.rs\/sl\/wp-json\/wp\/v2\/users\/1"}],"replies":[{"embeddable":true,"href":"https:\/\/slovenci.rs\/sl\/wp-json\/wp\/v2\/comments?post=2258"}],"version-history":[{"count":2,"href":"https:\/\/slovenci.rs\/sl\/wp-json\/wp\/v2\/posts\/2258\/revisions"}],"predecessor-version":[{"id":2260,"href":"https:\/\/slovenci.rs\/sl\/wp-json\/wp\/v2\/posts\/2258\/revisions\/2260"}],"wp:attachment":[{"href":"https:\/\/slovenci.rs\/sl\/wp-json\/wp\/v2\/media?parent=2258"}],"wp:term":[{"taxonomy":"category","embeddable":true,"href":"https:\/\/slovenci.rs\/sl\/wp-json\/wp\/v2\/categories?post=2258"},{"taxonomy":"post_tag","embeddable":true,"href":"https:\/\/slovenci.rs\/sl\/wp-json\/wp\/v2\/tags?post=2258"}],"curies":[{"name":"wp","href":"https:\/\/api.w.org\/{rel}","templated":true}]}}