{"id":2261,"date":"2015-10-31T10:05:37","date_gmt":"2015-10-31T09:05:37","guid":{"rendered":"https:\/\/slovenci.rs\/?p=2261"},"modified":"2015-10-31T10:05:37","modified_gmt":"2015-10-31T09:05:37","slug":"41-niske-muzicke-svecanosti-nimus-2015-3-novembar-2015-godine-koncert-violinistkinje-lane-trotovsek","status":"publish","type":"post","link":"https:\/\/slovenci.rs\/sl\/41-niske-muzicke-svecanosti-nimus-2015-3-novembar-2015-godine-koncert-violinistkinje-lane-trotovsek\/","title":{"rendered":"41 Ni\u0161ke muzi\u010dke sve\u010danosti \u2013 NIMUS 2015: 3. novembar 2015. godine Koncert violinistkinje Lane Trotov\u0161ek"},"content":{"rendered":"<p>&nbsp;<\/p>\n<p>vise informacija<\/p>\n<p><a href=\"http:\/\/www.nimusfest.com\/03-11-2015.html\">http:\/\/www.nimusfest.com\/03-11-2015.html<\/a><\/p>","protected":false},"excerpt":{"rendered":"<p>&nbsp; vise informacija http:\/\/www.nimusfest.com\/03-11-2015.html<\/p>","protected":false},"author":1,"featured_media":0,"comment_status":"closed","ping_status":"closed","sticky":false,"template":"","format":"standard","meta":{"footnotes":""},"categories":[1],"tags":[],"class_list":["post-2261","post","type-post","status-publish","format-standard","hentry","category-uncategorized"],"_links":{"self":[{"href":"https:\/\/slovenci.rs\/sl\/wp-json\/wp\/v2\/posts\/2261","targetHints":{"allow":["GET"]}}],"collection":[{"href":"https:\/\/slovenci.rs\/sl\/wp-json\/wp\/v2\/posts"}],"about":[{"href":"https:\/\/slovenci.rs\/sl\/wp-json\/wp\/v2\/types\/post"}],"author":[{"embeddable":true,"href":"https:\/\/slovenci.rs\/sl\/wp-json\/wp\/v2\/users\/1"}],"replies":[{"embeddable":true,"href":"https:\/\/slovenci.rs\/sl\/wp-json\/wp\/v2\/comments?post=2261"}],"version-history":[{"count":1,"href":"https:\/\/slovenci.rs\/sl\/wp-json\/wp\/v2\/posts\/2261\/revisions"}],"predecessor-version":[{"id":2262,"href":"https:\/\/slovenci.rs\/sl\/wp-json\/wp\/v2\/posts\/2261\/revisions\/2262"}],"wp:attachment":[{"href":"https:\/\/slovenci.rs\/sl\/wp-json\/wp\/v2\/media?parent=2261"}],"wp:term":[{"taxonomy":"category","embeddable":true,"href":"https:\/\/slovenci.rs\/sl\/wp-json\/wp\/v2\/categories?post=2261"},{"taxonomy":"post_tag","embeddable":true,"href":"https:\/\/slovenci.rs\/sl\/wp-json\/wp\/v2\/tags?post=2261"}],"curies":[{"name":"wp","href":"https:\/\/api.w.org\/{rel}","templated":true}]}}