{"id":2267,"date":"2015-11-18T19:51:38","date_gmt":"2015-11-18T18:51:38","guid":{"rendered":"https:\/\/slovenci.rs\/?p=2267"},"modified":"2015-11-18T19:59:32","modified_gmt":"2015-11-18T18:59:32","slug":"okrogla-miza-svoboda-izrazanja-v-okviru-vojvodinskih-nacionalnih-skupnosti","status":"publish","type":"post","link":"https:\/\/slovenci.rs\/sl\/okrogla-miza-svoboda-izrazanja-v-okviru-vojvodinskih-nacionalnih-skupnosti\/","title":{"rendered":"Okrogla miza \u00bbSvoboda izra\u017eanja v okviru vojvodinskih nacionalnih skupnosti\u00ab"},"content":{"rendered":"<p>&nbsp;<\/p>\n<p>&nbsp;<\/p>\n<p>V \u010detrtek, 5.novembra 2015, je bilo v Medija centru Vojvodine v Novem Sadu v organizaciji Neodvisnega dru\u0161tva novinarjev Vojvodine sre\u010danje, oziroma okrogla miza na temo Svoboda izra\u017eanja med vojvodinskimi nacionalnimi skupnostmi. Okrogle mize se je v imenu Nacionalnega sveta slovenske narodne manj\u0161ine udele\u017eila \u010dlanica Nacionalnega sveta, Elza Ajdukovi\u0107.<\/p>\n<p>&nbsp;<\/p>\n<p>Na sre\u010danju se je najve\u010d govorilo o najpogostej\u0161ih ovirah pri svobodi izra\u017eanja, kaj je to svoboda izra\u017eanja, o vplivu politike in politi\u010dnih strank na svobodo izra\u017eanja, o politizaciji nacionalnih svetov v vojvodinskih nacionalnih skupnostih, o svobodi izra\u017eanja v medijih, o medijih v jezikih nacionalnih skupnostih in zakonu o privatizaciji medijev in posledicah privatizacije na medije, ki imajo program\u00a0 v jezikih nacionalnih manj\u0161in.<\/p>\n<p>&nbsp;<\/p>\n<p>Dotaknili so se tudi projektnega financiranja nacionalnih skupnosti in medijev, kjer je re\u010deno, da je zelo te\u017eko poslovati s sredstvi, ki so dodeljena po projektih, ki so \u010dasovno omejeni na eno leto, saj je v\u010dasih najve\u010dji problem \u017ee samo vzdr\u017eevanje prostorov, kjer bi se naj odvijale aktivnosti in da je bilo \u017ee ve\u010dkrat govora, da naj bi se dolo\u010dena sredstva opredeljevala za ve\u010dletno trajanje, vendar je to ostalo nespremenjeno in je \u017ee do sedaj veliko medijev, ki so predvajali program v jezikih nacionalnih manj\u0161in \u0161e pred privatizacijo medijev bilo dobesedno obsojeno na propad.<\/p>\n<p>&nbsp;<\/p>\n<p>Sedaj se je stanje \u0161e poslab\u0161alo, saj so po zakonu o privatizaciji medijev ravno mediji, ki so se ogla\u0161ali v jezikih nacionalnih manj\u0161in, utrpeli veliko \u0161kodo in mnogi so ostali brez novega lastnika in potencialnih finan\u010dnih sredstev. Po podatkih, ki jih je navedla Dubravka Vali\u0107-Nedeljkovi\u0107, je od 28 medijev, ki so se ogla\u0161ali\u00a0 v manj\u0161inskem jeziku prodano osem, da jih bo prodano \u0161e pet, medtem ko je 11 ostalo neprodanih in da so \u0161tiri ugasnjena. Sam zakon naj bi novega lastnika obvezal da naslednjih pet let ne sme spremeniti programske \u0161eme, vendar pa v zakonu ne obstaja proti ukrep, \u010de ga novi lastnik ne upo\u0161teva, je zaklju\u010dila Eva Vuka\u0161inovi\u0107.<\/p>\n<p>&nbsp;<\/p>\n<p>Ker pa so mediji pomembni za svobodo izra\u017eanja in varstvo \u010dlovekovih pravic, ki je eden od klju\u010dnih pogojev pri pridru\u017eitvi k Evropski uniji, bi morala dr\u017eava nadaljevati dialog in uskladiti zakonodajo kar je tudi bila ena od tem diskusije na okrogli mizi, je izjavila Gordana Jankovi\u0107.<\/p>\n<p>&nbsp;<\/p>\n<p>Svoboda izra\u017eanja med vojvodinskimi nacionalnimi skupnostmi se ne more obravnavati lo\u010deno od svobode izra\u017eanja v medijih v celotni dru\u017ebi in kako pomagati medijem nacionalnih manj\u0161in in obenem ohraniti neodvisno uredni\u0161ko politiko, \u0161e zlasti glede na aktualne reformske procese v \u010dasu privatizacije medijev, je med drugim rekel Miroslav Keve\u017edi ki je govoril tudi o osnovnih principih svobode govora.<\/p>\n<p>&nbsp;<\/p>\n<p>Panelisti okrogle mize so bili vodja Oddelka za medije Misije OEBS v Srbiji, Gordana Jankovi\u0107, namestnica pokrajinskega ombudsmana za varstvo manj\u0161inskih pravic Eva Vuka\u0161inovi\u0107, dr. Altar Lo\u0161ondc z Univerze v Novem Sadu in medijski ekspert Miroslav Keve\u017edi. Okrogli mizi so prisostvovali predstavniki\u00a0 nacionalnih manj\u0161in, novinarji in javne osebnosti s podro\u010dja kulture, politike in medijev, med njimi tudi podpredsednik Pokrajinske vlade Miroslav Vasin.<\/p>\n<p>&nbsp;<\/p>\n<p>On je poudaril da so mediji v jezikih nacionalnih manj\u0161in pomembni za Vojvodino, saj odra\u017eajo multikulturalni in multietni\u010dni duh in posledice zmanj\u0161anja programa pomenijo korak nazaj v realizaciji demokrati\u010dnih principov.<\/p>\n<p>&nbsp;<\/p>\n<p><a href=\"https:\/\/slovenci.rs\/wp-content\/uploads\/2015\/11\/nacionalni-savet-001.jpg\"><img loading=\"lazy\" decoding=\"async\" class=\"alignnone size-medium wp-image-2278\" src=\"https:\/\/slovenci.rs\/wp-content\/uploads\/2015\/11\/nacionalni-savet-001-300x225.jpg\" alt=\"OLYMPUS DIGITAL CAMERA\" width=\"300\" height=\"225\" srcset=\"https:\/\/slovenci.rs\/wp-content\/uploads\/2015\/11\/nacionalni-savet-001-300x225.jpg 300w, https:\/\/slovenci.rs\/wp-content\/uploads\/2015\/11\/nacionalni-savet-001.jpg 640w\" sizes=\"auto, (max-width: 300px) 100vw, 300px\" \/><\/a> <a href=\"https:\/\/slovenci.rs\/wp-content\/uploads\/2015\/11\/nacionalni-savet-002.jpg\"><img loading=\"lazy\" decoding=\"async\" class=\"alignnone size-medium wp-image-2279\" src=\"https:\/\/slovenci.rs\/wp-content\/uploads\/2015\/11\/nacionalni-savet-002-300x225.jpg\" alt=\"OLYMPUS DIGITAL CAMERA\" width=\"300\" height=\"225\" srcset=\"https:\/\/slovenci.rs\/wp-content\/uploads\/2015\/11\/nacionalni-savet-002-300x225.jpg 300w, https:\/\/slovenci.rs\/wp-content\/uploads\/2015\/11\/nacionalni-savet-002.jpg 640w\" sizes=\"auto, (max-width: 300px) 100vw, 300px\" \/><\/a> <a href=\"https:\/\/slovenci.rs\/wp-content\/uploads\/2015\/11\/nacionalni-savet-003.jpg\"><img loading=\"lazy\" decoding=\"async\" class=\"alignnone size-medium wp-image-2280\" src=\"https:\/\/slovenci.rs\/wp-content\/uploads\/2015\/11\/nacionalni-savet-003-300x225.jpg\" alt=\"OLYMPUS DIGITAL CAMERA\" width=\"300\" height=\"225\" srcset=\"https:\/\/slovenci.rs\/wp-content\/uploads\/2015\/11\/nacionalni-savet-003-300x225.jpg 300w, https:\/\/slovenci.rs\/wp-content\/uploads\/2015\/11\/nacionalni-savet-003.jpg 640w\" sizes=\"auto, (max-width: 300px) 100vw, 300px\" \/><\/a><\/p>\n<p>&nbsp;<\/p>","protected":false},"excerpt":{"rendered":"<p>&nbsp; &nbsp; V \u010detrtek, 5.novembra 2015, je bilo v Medija centru Vojvodine v Novem Sadu v organizaciji Neodvisnega dru\u0161tva novinarjev Vojvodine sre\u010danje, oziroma okrogla miza na temo Svoboda izra\u017eanja med vojvodinskimi nacionalnimi skupnostmi. Okrogle mize se je v imenu Nacionalnega sveta slovenske narodne manj\u0161ine udele\u017eila \u010dlanica Nacionalnega sveta, Elza Ajdukovi\u0107. &nbsp; Na sre\u010danju se je [&hellip;]<\/p>\n","protected":false},"author":1,"featured_media":0,"comment_status":"closed","ping_status":"closed","sticky":false,"template":"","format":"standard","meta":{"footnotes":""},"categories":[1],"tags":[],"class_list":["post-2267","post","type-post","status-publish","format-standard","hentry","category-uncategorized"],"_links":{"self":[{"href":"https:\/\/slovenci.rs\/sl\/wp-json\/wp\/v2\/posts\/2267","targetHints":{"allow":["GET"]}}],"collection":[{"href":"https:\/\/slovenci.rs\/sl\/wp-json\/wp\/v2\/posts"}],"about":[{"href":"https:\/\/slovenci.rs\/sl\/wp-json\/wp\/v2\/types\/post"}],"author":[{"embeddable":true,"href":"https:\/\/slovenci.rs\/sl\/wp-json\/wp\/v2\/users\/1"}],"replies":[{"embeddable":true,"href":"https:\/\/slovenci.rs\/sl\/wp-json\/wp\/v2\/comments?post=2267"}],"version-history":[{"count":2,"href":"https:\/\/slovenci.rs\/sl\/wp-json\/wp\/v2\/posts\/2267\/revisions"}],"predecessor-version":[{"id":2281,"href":"https:\/\/slovenci.rs\/sl\/wp-json\/wp\/v2\/posts\/2267\/revisions\/2281"}],"wp:attachment":[{"href":"https:\/\/slovenci.rs\/sl\/wp-json\/wp\/v2\/media?parent=2267"}],"wp:term":[{"taxonomy":"category","embeddable":true,"href":"https:\/\/slovenci.rs\/sl\/wp-json\/wp\/v2\/categories?post=2267"},{"taxonomy":"post_tag","embeddable":true,"href":"https:\/\/slovenci.rs\/sl\/wp-json\/wp\/v2\/tags?post=2267"}],"curies":[{"name":"wp","href":"https:\/\/api.w.org\/{rel}","templated":true}]}}