{"id":2269,"date":"2015-11-18T19:53:15","date_gmt":"2015-11-18T18:53:15","guid":{"rendered":"https:\/\/slovenci.rs\/?p=2269"},"modified":"2015-11-18T19:55:42","modified_gmt":"2015-11-18T18:55:42","slug":"konferenca-o-polozaju-nacionalnih-manjsin","status":"publish","type":"post","link":"https:\/\/slovenci.rs\/sl\/konferenca-o-polozaju-nacionalnih-manjsin\/","title":{"rendered":"Konferenca o polo\u017eaju nacionalnih manj\u0161in"},"content":{"rendered":"<p>&nbsp;<\/p>\n<p>V veliki dvorani Skup\u0161\u010dine Avtonomne pokrajine Vojvodine v Novem Sadu je bila 10. novembra 2015 Konferenca o polo\u017eaju nacionalnih manj\u0161in v Vojvodini na kateri so sodelovali predstavniki nacionalnih manj\u0161in, uradni predstavniki Avtonomne pokrajine Vojvodine, predstavniki diplomatskih zborov iz dr\u017eav ki imajo nacionalne manj\u0161ine v Vojvodini in uradni predstavniki Republike Srbije. V imenu Nacionalnega sveta slovenske narodne manj\u0161ine se je konference udele\u017eila Elza Ajdukovi\u0107, \u010dlanica Nacionalnega sveta.<\/p>\n<p>&nbsp;<\/p>\n<p>Cilj konference je bil obravnavanje Posebnega akcijskega na\u010drta za uresni\u010devanje pravic nacionalnih manj\u0161in, ki ga v okviru poglavja 23 pripravlja Republika Srbija da bi uskladila zakonodajo in s tem tudi pravice s standardi Evropske unije.<\/p>\n<p>&nbsp;<\/p>\n<p>Zato sta se v uvodnih govorih Mihalj Njila\u0161, podpredsednik Pokrajinske vlade in pokrajinski sekretar za izobra\u017eevanje, predpise, upravo in nacionalne manj\u0161ine in predsednik Skup\u0161\u010dine Avtonomne pokrajine Vojvodine I\u0161tvan Pastor, dotaknila polo\u017eaja nacionalnih manj\u0161in, da so nekatere manj\u0161ine \u0161e vedno v zelo te\u017ekem polo\u017eaju, kjer ne morejo uresni\u010devati vseh zagotovljenih pravic in da proces tega v\u010dasih traja predolgo. Opisala sta tudi te\u017eave, ki se za\u010dnejo \u017ee pri zagotovljeni pravici do vpisa svojih osebnih podatkov v izvirni pisavi, o za\u0161\u010diti osebnih podatkov in o pravici do izobra\u017eevanja in obve\u0161\u010danja\u00a0 v jeziku manj\u0161ine.<\/p>\n<p>&nbsp;<\/p>\n<p>V nadaljevanju konference je prisotne nagovorila najprej Tanja Mi\u0161\u010devi\u0107,vodja pogajalnega tima za vodenje pogajanj o pristopu Republike Srbije k Evropski uniji, ki je pojasnila cilj akcijskega na\u010drta in kaj je do sedaj Republika Srbija morala narediti, da bi evropska komisija lahko ocenila, kak\u0161na je srbska zakonodaja v smislu uresni\u010devanja pravic nacionalnih manj\u0161in.<\/p>\n<p>&nbsp;<\/p>\n<p>Naslednja govornica Eva Vuka\u0161inovi\u0107, ki je namestnica Pokrajinskega varuha dr\u017eavljanov-ombudsmana, je govorila, da je najve\u010d te\u017eav z uresni\u010devanjem pravic na terenu oziroma\u00a0 v posameznih primerih in praksi, kjer uradniki na \u0161alterjih sami odlo\u010dajo ali ima posameznik pravico da svoje osebne podatke navede v maternem jeziku oziroma v izvirniku, potem tudi te\u017eave pri uresni\u010devanju pravic do uporabe jezika pri \u0161olanju ali svobodi do izra\u017eanja svojega mnenja v medijih, zahvalila se je pa tudi na povabilu na konferenco.<\/p>\n<p>&nbsp;<\/p>\n<p>\u010cedomir Backovi\u0107, pomo\u010dnik ministra pravosodja in vodja Pogajalske skupine za poglavje 23 pogajanj z Evropsko unijo ter predsednik delovne skupine za izdelavo posebnega Akcijskega na\u010drta za implementacijo obstoje\u010dih normativnih okvirjev za varovanje \u010dlove\u0161kih pravic, je opisal na\u010din dela v delovni skupini in smisel usklajevanja obstoje\u010dih zakonov z zakoni, ki vladajo v Evropski uniji in dodal da sama zakonodaja v Republiki Srbiji ni toliko pomanjkljiva, kolikor pa je sama praksa, torej upo\u0161tevanje zakonov glede varovanja \u010dlove\u0161kih pravic, pa ne samo njih, temve\u010d na splo\u0161no, precej problemati\u010dna. Zato delovna skupina katere ni samo pripravljala akcijskega na\u010drta ampak ga je ocenila in poskusila natan\u010dno opredeliti materijo po vpra\u0161anjih, oziroma tematskih podro\u010djih, ki si jih je zastavila in so prilo\u017eena v pisnem elaboratu. Opredelitev dolo\u010dene materije, ocena dosedanjega stanja, kaj je treba dodati, popraviti, pobolj\u0161ati in kdo bi bil izvajalec. Tako je razdeljen na\u010drt na enajst materialnih elementov, ki so jih potem posamezni predstavniki, ki so bili zadol\u017eeni za obravnavanje in izdelavo tudi predstavili na kratko, in sicer:<\/p>\n<p>&nbsp;<\/p>\n<ol>\n<li>Osebni statusni polo\u017eaj<\/li>\n<li>Prepoved diskriminacije<\/li>\n<\/ol>\n<p>III. Podro\u010dje kulture in medijev<\/p>\n<ol>\n<li>Svoboda veroizpovedi<\/li>\n<li>Uporaba jezika in pisave<\/li>\n<li>Izobra\u017eevanje<\/li>\n<\/ol>\n<p>VII. Demokratska participacija<\/p>\n<p>VIII. Sorazmerna zastopanost pripadnikov nacionalnih manj\u0161in v javnem sektorju in javnih\u00a0\u00a0 podjetjih<\/p>\n<ol>\n<li>Nacionalni sveti nacionalnih manj\u0161in<\/li>\n<li>Ekonomski polo\u017eaj pripadnikov manj\u0161inskih skupnosti<\/li>\n<li>Mednarodno sodelovanje<\/li>\n<\/ol>\n<p>&nbsp;<\/p>\n<p>Vsi ti elementi so bili potem\u00a0 opisani, kjer so vodje skupin podale na\u010din in sam postopek dela, ko so obravnavali omenjene teme, Sa\u0161a Gajin, kot strokovni konzultant za izdelavo posebnega akcijskega na\u010drta za implementacijo obstoje\u010dih normativnih okvirjev za varovanje \u010dlove\u0161kih pravic, pa je pojasnil, kako je potekalo delo in s katerimi te\u017eavami so se posamezniki sre\u010devali. Najpomembnej\u0161e je bilo to, da so se vsi strinjali s tem da dr\u017eava oziroma njeni predstavniki, ki so strokovno usposobljeni, prevzame odgovornost za samo izdelavo predloga, da uskladi vse organizacije ki uradno predstavljajo nacionalne manj\u0161ine in imajo svoje predloge in ocene in da po ve\u010dih diskusijah, kjer bi se svobodno izrazila mnenja in ocene, naredi kon\u010dna verzija na\u010drta. Pomembno je dodati tudi to da stro\u0161ke izdelave pokriva dr\u017eava.<\/p>\n<p>&nbsp;<\/p>\n<p>V drugem delu konference je bila prva govornica Ana Tomanova Makanova, ki je kot podpredsednica Skup\u0161\u010dine APV in predsednica Koordinacije nacionalnih svetov nacionalnih manj\u0161in izjavila, da je Koordinacija obravnavala s svojimi predstavniki nacionalnih svetov deveto to\u010dko , Nacionalni sveti nacionalnih manj\u0161in, naredila oceno in predloge re\u0161evanja vseh elementov, ki so podani zgoraj, vendar pa jih zaradi\u00a0 prekratkega roka od prejetja\u00a0 Na\u010drta, ni mogla dodati v prilo\u017eeno tabelo Na\u010drta, tako da je prosila, da to stori sam tim, ki je pripravljal Na\u010drt. Poleg tega je dodala tudi to, da je Koordinacija delala brez kakr\u0161negakoli denarnega nadomestila, \u010deprav je tim za izdelavo na\u010drta oziroma za celotni projekt dobil sredstva iz evropskih fondov in \u0161e enkrat ponovila, da nacionalne manj\u0161ine morajo v prihodnje imeti vpliv pri odlo\u010danju o prora\u010dunskih sredstvih in da je veliko stvari samo na papirju, v praksi pa se ne izvajajo.<\/p>\n<p>&nbsp;<\/p>\n<p>Potem so \u0161e vsi ostali predstavniki, ki so po dvanajstih to\u010dkah oziroma elementih akcijskega na\u010drta\u00a0 opisali, kako so posamezno podro\u010dje obravnavali, kaj se jim je zdelo pomembno in kdo je zadol\u017een za njihovo izvajanje. Akcijski na\u010drt so obravnavali tudi po naslednjih izto\u010dnicah: strate\u0161ki cilj, splo\u0161ni rezultat, indikator vpliva in izbor verifikacije. V drugi klasifikaciji pa so \u0161e posku\u0161ali opredeliti :aktivnosti, nosilec aktivnosti, rok, finan\u010dni resursi, pokazatelji rezultatov in status izvajanja aktivnosti in jih vse po teh merilih navedli v tabeli, ki se nahaja v prilo\u017eenem elaboratu.<\/p>\n<p>&nbsp;<\/p>\n<p>Delovno skupino so sestavljali:<\/p>\n<p>Jano\u0161 Oroz, pomo\u010dnik pokrajinskega sekretarja v Pokrajinskem sekretariatu za izobra\u017eevanje, predpise, upravo in nacionalne manj\u0161ine-nacionalne skupnosti, ki je govoril o prvih dveh elementih-Osebni statusni polo\u017eaj, Prepoved diskriminacije in o \u010detrtem, Svoboda veroizpovedi<\/p>\n<p>Marius Ro\u0161u, vodja Oddelka za uresni\u010devanje pravic nacionalnih manj\u0161in-nacionalnih skupnosti v Pokrajinskem sekretariatu za izobra\u017eevanje, predpise, upravo in nacionalne manj\u0161ine-nacionalne skupnosti, ki je bil zadol\u017een za tretjo to\u010dko, Podro\u010dje kulture in medijev.<\/p>\n<p>Boris Baji\u0107, samostojni strokovni sodelavec za in\u0161pekcijski nadzor za slu\u017ebeno uporabo jezika in pisave v Pokrajinskem sekretariatu za izobra\u017eevanje, predpise, upravo in nacionalne manj\u0161ine-nacinalne skupnosti je govoril o peti to\u010dki, Slu\u017ebena uporaba jezika in pisave.<\/p>\n<p>Danica Vu\u010di\u0107, na\u010delnica Oddelka za podro\u010dje izobra\u017eevanja Pokrajinskem sekretariatu je govorila o peti to\u010dki, Izobra\u017eevanje.<\/p>\n<p>&nbsp;<\/p>\n<p>Mihalj Njila\u0161, pokrajinski sekretar je govoril o sedmi in osmi to\u010dki, Demokratska participacija in Sorazmerna zastopanost pripadnikov nacionalnih manj\u0161in v javnem sektorju in javnih podjetjih, kjer je posebno poudaril da se mora upo\u0161tevati izobrazba in da se \u017ee v sistematizaciji mora natan\u010dno opredeliti delovno mesto, ki pokriva te norme.<\/p>\n<p>&nbsp;<\/p>\n<p>\u017dolt Sakala\u0161, samostalni strokovni sodelavec v Pokrajinskem sekretariatu za izobra\u017eevanje, predpise, upravo in nacionalne manj\u0161ine- nacionalne skupnosti pa je podal deseto in enajsto to\u010dko Ekonomski polo\u017eaj pripadnikov manj\u0161inskih skupnosti in Mednarodno sodelovanje, kjer je ocenil da obstaja zainteresiranost dr\u017eav, ki imajo svoje nacionalne manj\u0161ine v Vojvodini za gospodarsko sodelovanje in odpiranje novih delovnih mest.<\/p>\n<p>&nbsp;<\/p>\n<p>Po drugem delu je sledila razprava, kjer so\u00a0 govorniki, najve\u010d predstavniki posameznih manj\u0161in, govorili o te\u017eavah v sami praksi, torej upo\u0161tevanju danih pravic in nespo\u0161tovanju razli\u010dnosti in dodali, da ta proces nima dokon\u010dnosti ampak je stalno prisoten in se stalno razvija in spreminja.<\/p>\n<p>&nbsp;<\/p>\n<p>Organizator se je na koncu zahvalil vsem, ki so sodelovali in napovedal \u0161e nekaj aktivnosti preden bo Akcijski na\u010drt dokon\u010dno oblikovan in v okviru poglavja 23 predlo\u017een Komisiji Evropske unije.<\/p>\n<p>&nbsp;<\/p>\n<p><a href=\"https:\/\/slovenci.rs\/wp-content\/uploads\/2015\/11\/roba-004.jpg\"><img loading=\"lazy\" decoding=\"async\" class=\"alignnone size-medium wp-image-2271\" src=\"https:\/\/slovenci.rs\/wp-content\/uploads\/2015\/11\/roba-004-300x225.jpg\" alt=\"OLYMPUS DIGITAL CAMERA\" width=\"300\" height=\"225\" srcset=\"https:\/\/slovenci.rs\/wp-content\/uploads\/2015\/11\/roba-004-300x225.jpg 300w, https:\/\/slovenci.rs\/wp-content\/uploads\/2015\/11\/roba-004.jpg 640w\" sizes=\"auto, (max-width: 300px) 100vw, 300px\" \/><\/a> <a href=\"https:\/\/slovenci.rs\/wp-content\/uploads\/2015\/11\/roba-005.jpg\"><img loading=\"lazy\" decoding=\"async\" class=\"alignnone size-medium wp-image-2272\" src=\"https:\/\/slovenci.rs\/wp-content\/uploads\/2015\/11\/roba-005-300x225.jpg\" alt=\"OLYMPUS DIGITAL CAMERA\" width=\"300\" height=\"225\" srcset=\"https:\/\/slovenci.rs\/wp-content\/uploads\/2015\/11\/roba-005-300x225.jpg 300w, https:\/\/slovenci.rs\/wp-content\/uploads\/2015\/11\/roba-005.jpg 640w\" sizes=\"auto, (max-width: 300px) 100vw, 300px\" \/><\/a> <a href=\"https:\/\/slovenci.rs\/wp-content\/uploads\/2015\/11\/roba-006.jpg\"><img loading=\"lazy\" decoding=\"async\" class=\"alignnone size-medium wp-image-2273\" src=\"https:\/\/slovenci.rs\/wp-content\/uploads\/2015\/11\/roba-006-300x225.jpg\" alt=\"OLYMPUS DIGITAL CAMERA\" width=\"300\" height=\"225\" srcset=\"https:\/\/slovenci.rs\/wp-content\/uploads\/2015\/11\/roba-006-300x225.jpg 300w, https:\/\/slovenci.rs\/wp-content\/uploads\/2015\/11\/roba-006.jpg 640w\" sizes=\"auto, (max-width: 300px) 100vw, 300px\" \/><\/a> <a href=\"https:\/\/slovenci.rs\/wp-content\/uploads\/2015\/11\/roba-007.jpg\"><img loading=\"lazy\" decoding=\"async\" class=\"alignnone size-medium wp-image-2274\" src=\"https:\/\/slovenci.rs\/wp-content\/uploads\/2015\/11\/roba-007-300x225.jpg\" alt=\"OLYMPUS DIGITAL CAMERA\" width=\"300\" height=\"225\" srcset=\"https:\/\/slovenci.rs\/wp-content\/uploads\/2015\/11\/roba-007-300x225.jpg 300w, https:\/\/slovenci.rs\/wp-content\/uploads\/2015\/11\/roba-007.jpg 640w\" sizes=\"auto, (max-width: 300px) 100vw, 300px\" \/><\/a> <a href=\"https:\/\/slovenci.rs\/wp-content\/uploads\/2015\/11\/roba-008.jpg\"><img loading=\"lazy\" decoding=\"async\" class=\"alignnone size-medium wp-image-2276\" src=\"https:\/\/slovenci.rs\/wp-content\/uploads\/2015\/11\/roba-008-300x225.jpg\" alt=\"OLYMPUS DIGITAL CAMERA\" width=\"300\" height=\"225\" srcset=\"https:\/\/slovenci.rs\/wp-content\/uploads\/2015\/11\/roba-008-300x225.jpg 300w, https:\/\/slovenci.rs\/wp-content\/uploads\/2015\/11\/roba-008.jpg 640w\" sizes=\"auto, (max-width: 300px) 100vw, 300px\" \/><\/a><\/p>","protected":false},"excerpt":{"rendered":"<p>&nbsp; V veliki dvorani Skup\u0161\u010dine Avtonomne pokrajine Vojvodine v Novem Sadu je bila 10. novembra 2015 Konferenca o polo\u017eaju nacionalnih manj\u0161in v Vojvodini na kateri so sodelovali predstavniki nacionalnih manj\u0161in, uradni predstavniki Avtonomne pokrajine Vojvodine, predstavniki diplomatskih zborov iz dr\u017eav ki imajo nacionalne manj\u0161ine v Vojvodini in uradni predstavniki Republike Srbije. V imenu Nacionalnega sveta [&hellip;]<\/p>\n","protected":false},"author":1,"featured_media":0,"comment_status":"closed","ping_status":"closed","sticky":false,"template":"","format":"standard","meta":{"footnotes":""},"categories":[1],"tags":[],"class_list":["post-2269","post","type-post","status-publish","format-standard","hentry","category-uncategorized"],"_links":{"self":[{"href":"https:\/\/slovenci.rs\/sl\/wp-json\/wp\/v2\/posts\/2269","targetHints":{"allow":["GET"]}}],"collection":[{"href":"https:\/\/slovenci.rs\/sl\/wp-json\/wp\/v2\/posts"}],"about":[{"href":"https:\/\/slovenci.rs\/sl\/wp-json\/wp\/v2\/types\/post"}],"author":[{"embeddable":true,"href":"https:\/\/slovenci.rs\/sl\/wp-json\/wp\/v2\/users\/1"}],"replies":[{"embeddable":true,"href":"https:\/\/slovenci.rs\/sl\/wp-json\/wp\/v2\/comments?post=2269"}],"version-history":[{"count":3,"href":"https:\/\/slovenci.rs\/sl\/wp-json\/wp\/v2\/posts\/2269\/revisions"}],"predecessor-version":[{"id":2277,"href":"https:\/\/slovenci.rs\/sl\/wp-json\/wp\/v2\/posts\/2269\/revisions\/2277"}],"wp:attachment":[{"href":"https:\/\/slovenci.rs\/sl\/wp-json\/wp\/v2\/media?parent=2269"}],"wp:term":[{"taxonomy":"category","embeddable":true,"href":"https:\/\/slovenci.rs\/sl\/wp-json\/wp\/v2\/categories?post=2269"},{"taxonomy":"post_tag","embeddable":true,"href":"https:\/\/slovenci.rs\/sl\/wp-json\/wp\/v2\/tags?post=2269"}],"curies":[{"name":"wp","href":"https:\/\/api.w.org\/{rel}","templated":true}]}}