{"id":2285,"date":"2015-11-25T21:58:45","date_gmt":"2015-11-25T20:58:45","guid":{"rendered":"https:\/\/slovenci.rs\/?p=2285"},"modified":"2015-11-25T22:00:01","modified_gmt":"2015-11-25T21:00:01","slug":"urucenje-politikine-nagrada-jerneju-lorenciju-27-novembra","status":"publish","type":"post","link":"https:\/\/slovenci.rs\/sl\/urucenje-politikine-nagrada-jerneju-lorenciju-27-novembra\/","title":{"rendered":"Uru\u010denje Politikine nagrada Jerneju Lorenciju 27. novembra"},"content":{"rendered":"<p>&nbsp;<\/p>\n<p style=\"text-align: justify;\">Politikina nagrada za najbolju re\u017eiju na 49. Bitefu bi\u0107e uru\u010dena 27. novembra\u00a0<b>Jerneju<\/b> <b>Lorenciju<\/b> za predstavu \u201eIlijada\u201d, ra\u0111enu u koprodukciji Slovenskog narodnog gledali\u0161\u010da (Ljubljana), Mestnog gledali\u0161\u010da ljubljanskog i Cankarjevog doma. Nagrada se sastoji iz diplome i umetni\u010dkog dela mladog slikara Tadije Jani\u010di\u0107a. \u017diri u sastavu Dejan Mija\u010d (predsednik), Tanja Mandi\u0107 Rigonat, Vesna Roganovi\u0107, Borka Golubovi\u0107 Trebje\u0161anin i Ana Tasi\u0107, jednoglasno je odlu\u010dio da se ovogodi\u0161nja 38. Politikina nagrada za najbolju re\u017eiju na Bitefu dodeli Lorenciju, kome \u0107e priznanje biti uru\u010deno u prostorijama lista \u201ePolitika\u201d u 13 sati.<\/p>\n<p style=\"text-align: justify;\">U obrazlo\u017eenju je navedeno da Lorenci, u scenskom tuma\u010denju \u201eIlijade\u201d, rasko\u0161no otkriva mogu\u0107nosti dramskog tuma\u010denja epike, scenskog podizanja naracije na visoki poetsko-dramski nivo. \u201eHomerov juna\u010dki spev koji raspli\u0107e doga\u0111aje u trojanskom ratu, slika svet ljudi i bogova, pripoveda o herojstvu i stradanju, Lorenci je na scenu postavio u svom rasko\u0161no prepoznatljivom stilu bogate, za\u010dudne poeti\u010dnosti, spoja brutalnosti i suptilnosti, uplitanja fizi\u010dke sirovosti i beste\u017einske ose\u0107ajnosti\u201d, ocenio je \u017eiri.<\/p>\n<p style=\"text-align: justify;\">\u017diri je primetio da Homerov poetski jezik Lorenci prevodi i u sferu muzike koja se u\u017eivo stvara na sceni, u spoju solisti\u010dkog i horskog pevanja, jednoli\u010dnih, tupih udarca u mikrofone, kao i tonova proizvedenih na harfi.<\/p>\n<p style=\"text-align: justify;\">\u201eMuzika je ravnopravan partner epsko-dramskoj igri koja u Lorencijevom \u010ditanju u drugom delu predstave u totalu dosti\u017ee izvanredne umetni\u010dke domete, otelotvoruju\u0107i ideju o prolaznosti \u017eivota, iluzijama o besmrtnosti i mo\u0107i\u201d, stoji u obrazlo\u017eenju.<\/p>\n<p><b>izvor<\/b>:<a href=\"http:\/\/www.politika.rs\/sr\/clanak\/344146\/Kultura\/Urucenje-Politikine-nagrada-Jerneju-Lorenciju-27-novembra\" target=\"_blank\">http:\/\/www.politika.rs\/<wbr \/>sr\/clanak\/344146\/Kultura\/<wbr \/>Urucenje-Politikine-nagrada-<wbr \/>Jerneju-Lorenciju-27-novembra<\/a><\/p>","protected":false},"excerpt":{"rendered":"<p>&nbsp; Politikina nagrada za najbolju re\u017eiju na 49. Bitefu bi\u0107e uru\u010dena 27. novembra\u00a0Jerneju Lorenciju za predstavu \u201eIlijada\u201d, ra\u0111enu u koprodukciji Slovenskog narodnog gledali\u0161\u010da (Ljubljana), Mestnog gledali\u0161\u010da ljubljanskog i Cankarjevog doma. Nagrada se sastoji iz diplome i umetni\u010dkog dela mladog slikara Tadije Jani\u010di\u0107a. \u017diri u sastavu Dejan Mija\u010d (predsednik), Tanja Mandi\u0107 Rigonat, Vesna Roganovi\u0107, Borka Golubovi\u0107 [&hellip;]<\/p>\n","protected":false},"author":1,"featured_media":0,"comment_status":"closed","ping_status":"closed","sticky":false,"template":"","format":"standard","meta":{"footnotes":""},"categories":[1],"tags":[],"class_list":["post-2285","post","type-post","status-publish","format-standard","hentry","category-uncategorized"],"_links":{"self":[{"href":"https:\/\/slovenci.rs\/sl\/wp-json\/wp\/v2\/posts\/2285","targetHints":{"allow":["GET"]}}],"collection":[{"href":"https:\/\/slovenci.rs\/sl\/wp-json\/wp\/v2\/posts"}],"about":[{"href":"https:\/\/slovenci.rs\/sl\/wp-json\/wp\/v2\/types\/post"}],"author":[{"embeddable":true,"href":"https:\/\/slovenci.rs\/sl\/wp-json\/wp\/v2\/users\/1"}],"replies":[{"embeddable":true,"href":"https:\/\/slovenci.rs\/sl\/wp-json\/wp\/v2\/comments?post=2285"}],"version-history":[{"count":3,"href":"https:\/\/slovenci.rs\/sl\/wp-json\/wp\/v2\/posts\/2285\/revisions"}],"predecessor-version":[{"id":2288,"href":"https:\/\/slovenci.rs\/sl\/wp-json\/wp\/v2\/posts\/2285\/revisions\/2288"}],"wp:attachment":[{"href":"https:\/\/slovenci.rs\/sl\/wp-json\/wp\/v2\/media?parent=2285"}],"wp:term":[{"taxonomy":"category","embeddable":true,"href":"https:\/\/slovenci.rs\/sl\/wp-json\/wp\/v2\/categories?post=2285"},{"taxonomy":"post_tag","embeddable":true,"href":"https:\/\/slovenci.rs\/sl\/wp-json\/wp\/v2\/tags?post=2285"}],"curies":[{"name":"wp","href":"https:\/\/api.w.org\/{rel}","templated":true}]}}