{"id":2460,"date":"2016-01-22T01:57:39","date_gmt":"2016-01-22T00:57:39","guid":{"rendered":"https:\/\/slovenci.rs\/?p=2460"},"modified":"2016-01-22T02:00:12","modified_gmt":"2016-01-22T01:00:12","slug":"proslava-presernovog-dana-u-pancevu","status":"publish","type":"post","link":"https:\/\/slovenci.rs\/sl\/proslava-presernovog-dana-u-pancevu\/","title":{"rendered":"Proslava  Pre\u0161ernovog dana  u Pan\u010devu"},"content":{"rendered":"<p>&nbsp;<\/p>\n<p><a href=\"https:\/\/slovenci.rs\/wp-content\/uploads\/2016\/01\/Vabilo-Pre\u0161ernov-dan-Pan\u010devo-4.2.2016..docx\">Vabilo, Pre\u0161ernov dan, Pan\u010devo 4.2.2016.<\/a><\/p>\n<p><a href=\"https:\/\/slovenci.rs\/wp-content\/uploads\/2016\/01\/Pozivnica-za-Pre\u0161ernov-dan-Pan\u010devo-2016..docx\">Pozivnica za Pre\u0161ernov dan, Pan\u010devo 2016.<\/a><\/p>\n<p><a href=\"https:\/\/slovenci.rs\/wp-content\/uploads\/2016\/01\/Plakat-Pre\u0161ernov-dan-Pa-2016..docx\">Plakat, Pre\u0161ernov dan, Pa 2016.<\/a><\/p>\n<p>&nbsp;<\/p>\n<p>Pre\u0161ernov dan\u00a0je slovena\u010dki kulturni praznik i dr\u017eavni praznik. Neradni je dan i<\/p>\n<p>tog dana se u celoj Sloveniji prire\u0111uju razni kulturni program i manifestacije. Slavi<\/p>\n<p>se 8. februara na dan smrti velikog slovena\u010dkog knji\u017eevnika i pesnika Franca<\/p>\n<p>Pre\u0161erna (Vrba, 3. decembar 1800 &#8211; Kranj, 8. februar 1849). Tim povodom se<\/p>\n<p>svake godine u Sloveniji organizuje velika proslava na kojoj se dodeljuju<\/p>\n<p>Pre\u0161ernove nagrade i nagrade za vrhunska dostignu\u0107a u oblasti kulture i<\/p>\n<p>umetnosti na podru\u010dju Slovenije. Prva manifestacija povodom ovog praznika<\/p>\n<p>odr\u017eana je tokom 1941. godine, a nastavljena je nakon zavr\u0161etka Drugog<\/p>\n<p>svetskog rata. Manifestacija i dalje traje, a obele\u017eava se ne samo u Sloveniji,<\/p>\n<p>ve\u0107 i u drugim zemljama u svetu gde \u017eive Slovenci i gde postoje Udru\u017eenja<\/p>\n<p>Slovenaca. Pre\u0161ernov dan se prvi put u Pan\u010devu obele\u017eio 2010. godine , a od<\/p>\n<p>2013. godine manifestaciju redovno prire\u0111uje Udru\u017eenje Slovenaca Ju\u017enog<\/p>\n<p>Banata \u201cLogarska Dolina\u201d iz Pan\u010deva.<\/p>\n<p style=\"text-align: justify;\">","protected":false},"excerpt":{"rendered":"<p>&nbsp; Vabilo, Pre\u0161ernov dan, Pan\u010devo 4.2.2016. Pozivnica za Pre\u0161ernov dan, Pan\u010devo 2016. Plakat, Pre\u0161ernov dan, Pa 2016. &nbsp; Pre\u0161ernov dan\u00a0je slovena\u010dki kulturni praznik i dr\u017eavni praznik. Neradni je dan i tog dana se u celoj Sloveniji prire\u0111uju razni kulturni program i manifestacije. Slavi se 8. februara na dan smrti velikog slovena\u010dkog knji\u017eevnika i pesnika Franca [&hellip;]<\/p>\n","protected":false},"author":1,"featured_media":0,"comment_status":"closed","ping_status":"closed","sticky":false,"template":"","format":"standard","meta":{"footnotes":""},"categories":[1],"tags":[],"class_list":["post-2460","post","type-post","status-publish","format-standard","hentry","category-uncategorized"],"_links":{"self":[{"href":"https:\/\/slovenci.rs\/sl\/wp-json\/wp\/v2\/posts\/2460","targetHints":{"allow":["GET"]}}],"collection":[{"href":"https:\/\/slovenci.rs\/sl\/wp-json\/wp\/v2\/posts"}],"about":[{"href":"https:\/\/slovenci.rs\/sl\/wp-json\/wp\/v2\/types\/post"}],"author":[{"embeddable":true,"href":"https:\/\/slovenci.rs\/sl\/wp-json\/wp\/v2\/users\/1"}],"replies":[{"embeddable":true,"href":"https:\/\/slovenci.rs\/sl\/wp-json\/wp\/v2\/comments?post=2460"}],"version-history":[{"count":3,"href":"https:\/\/slovenci.rs\/sl\/wp-json\/wp\/v2\/posts\/2460\/revisions"}],"predecessor-version":[{"id":2466,"href":"https:\/\/slovenci.rs\/sl\/wp-json\/wp\/v2\/posts\/2460\/revisions\/2466"}],"wp:attachment":[{"href":"https:\/\/slovenci.rs\/sl\/wp-json\/wp\/v2\/media?parent=2460"}],"wp:term":[{"taxonomy":"category","embeddable":true,"href":"https:\/\/slovenci.rs\/sl\/wp-json\/wp\/v2\/categories?post=2460"},{"taxonomy":"post_tag","embeddable":true,"href":"https:\/\/slovenci.rs\/sl\/wp-json\/wp\/v2\/tags?post=2460"}],"curies":[{"name":"wp","href":"https:\/\/api.w.org\/{rel}","templated":true}]}}