{"id":2468,"date":"2016-01-26T15:21:34","date_gmt":"2016-01-26T14:21:34","guid":{"rendered":"https:\/\/slovenci.rs\/?p=2468"},"modified":"2016-01-26T15:26:44","modified_gmt":"2016-01-26T14:26:44","slug":"seja-koordinacije-nacionalnih-svetov-nacionalnih-manjsin-v-novem-sadu","status":"publish","type":"post","link":"https:\/\/slovenci.rs\/sl\/seja-koordinacije-nacionalnih-svetov-nacionalnih-manjsin-v-novem-sadu\/","title":{"rendered":"SEJA KOORDINACIJE NACIONALNIH SVETOV NACIONALNIH MANJ\u0160IN V NOVEM SADU"},"content":{"rendered":"<p>&nbsp;<\/p>\n<p><span lang=\"SL\">V soboto, 23. januarja 2015, je bila v prostorih Nacionalnega sveta slova\u0161ke narodne manj\u0161ine v Novem Sadu seja Koordinacije. Seje se je v imenu Nacionalnega sveta slovenske narodne manj\u0161ine udele\u017eila Elza Ajdukovi\u0107, \u010dlanica Nacionalnega sveta.<\/span><\/p>\n<p><span lang=\"SL\">\u00a0<\/span><\/p>\n<p><span lang=\"SL\">Po uvodnih pozdravih predsednice Koordinacije Ane Tomanove Makanove je bil sprejet naslednji dnevni red:<\/span><\/p>\n<p><span lang=\"SL\">\u00a0\u00a0\u00a0\u00a0\u00a0\u00a0\u00a0\u00a0\u00a0\u00a0\u00a0\u00a0\u00a0\u00a0\u00a0\u00a0\u00a0\u00a0\u00a0\u00a0\u00a0\u00a0\u00a0\u00a0\u00a0\u00a0\u00a0\u00a0\u00a0\u00a0<wbr \/>\u00a0\u00a0\u00a0\u00a0<\/span><\/p>\n<p><span lang=\"SL\">\u00a0\u00a0\u00a0\u00a0\u00a0\u00a0\u00a0\u00a0\u00a0\u00a0\u00a0\u00a0\u00a0\u00a0\u00a0\u00a0\u00a0\u00a0\u00a0\u00a0\u00a0\u00a0\u00a0\u00a0\u00a0\u00a0\u00a0\u00a0\u00a0\u00a0<wbr \/>\u00a0\u00a0\u00a0\u00a0 1.Akcijski na\u010drt-pregled dosedanjega dela in predlogi za prihodnje delo;<\/span><\/p>\n<p><span lang=\"SL\">\u00a0\u00a0\u00a0\u00a0\u00a0\u00a0\u00a0\u00a0\u00a0\u00a0\u00a0\u00a0\u00a0\u00a0\u00a0\u00a0\u00a0\u00a0\u00a0\u00a0\u00a0\u00a0\u00a0\u00a0\u00a0\u00a0\u00a0\u00a0\u00a0\u00a0<wbr \/>\u00a0\u00a0\u00a0\u00a0 2.Zakon o varnosti pravic in svobo\u0161\u010din nacionalnih manj\u0161in;<\/span><\/p>\n<p><span lang=\"SL\">\u00a0\u00a0\u00a0\u00a0\u00a0\u00a0\u00a0\u00a0\u00a0\u00a0\u00a0\u00a0\u00a0\u00a0\u00a0\u00a0\u00a0\u00a0\u00a0\u00a0\u00a0\u00a0\u00a0\u00a0\u00a0\u00a0\u00a0\u00a0\u00a0\u00a0<wbr \/>\u00a0\u00a0\u00a0\u00a0 3.Predlog za strategijo integracij nacionalnih svetov;<\/span><\/p>\n<p><span lang=\"SL\">\u00a0\u00a0\u00a0\u00a0\u00a0\u00a0\u00a0\u00a0\u00a0\u00a0\u00a0\u00a0\u00a0\u00a0\u00a0\u00a0\u00a0\u00a0\u00a0\u00a0\u00a0\u00a0\u00a0\u00a0\u00a0\u00a0\u00a0\u00a0\u00a0\u00a0<wbr \/>\u00a0\u00a0\u00a0\u00a0 4.Razno.<\/span><\/p>\n<p><span lang=\"SL\">\u00a0<\/span><\/p>\n<p><span lang=\"SL\">1.\u00a0\u00a0\u00a0\u00a0\u00a0 <\/span><span lang=\"SL\">Po prvi to\u010dki dnevnega reda so predstavniki nacionalnih svetov, ki so sodelovali v delovni skupini pri izdelavi Akcijskega na\u010drta v delih, ki se ti\u010dejo nacionalnih manj\u0161in podali svoje mnenje o sodelovanju v delovni skupini in rezultatih oziroma predlogih, ki so jih predstavniki manj\u0161in zastopali. Mnenja so se razlikovala o tem, ali je narejeno dovolj s strani nacionalnih svetov, da bi\u00a0 Akcijski na\u010drt glede manj\u0161in zastopal realne potrebe manj\u0161in, vendar so se pa vsi strinjali, da dr\u017eava nima preve\u010d posluha za predloge predstavnikov nacionalnih svetov in da so na za\u010detku izdelave kazali ve\u010dje razumevanje, da bi se kasneje v glavnem hitelo, da bi se Akcijski na\u010drt \u010dim prej izdelal in so mnogi predlogi bili popolnoma ignorirani. Nekateri so predlagali, da se enostavno izstopi iz delovne skupine, kot so to storili predstavniki Bo\u0161njakov, drugi pa so predlagali, da se predlogi, ki niso bili obravnavani po\u0161ljejo Evropski komisiji za ljudske pravice (predlog predstavnika romske narodne manj\u0161ine), tretji pa da se \u0161e enkrat natan\u010dno pregleda celotna dokumentacija Akcijskega na\u010drta, ki ga bo po uradni dol\u017enosti zahtevala predsednica Koordinacije in da nekaj predstavnikov delovne skupine \u0161e enkrat podrobno pregleda na\u010drt ter da se preveri, kaj to\u010dno je sprejeto od predlogov, a \u010desa ni v na\u010drtu in kako nadaljevati v prihodnje.<\/span><\/p>\n<p><span lang=\"SL\">Slednji predlog je naletel na razumevanje, tako da so pri glasovanju vsi glasovali za ta\u00a0\u00a0<\/span><\/p>\n<p><span lang=\"SL\">predlog.<\/span><\/p>\n<p><span lang=\"SL\">\u00a0<\/span><\/p>\n<p><span lang=\"SL\">2.\u00a0\u00a0\u00a0\u00a0\u00a0 <\/span><span lang=\"SL\">Pri drugi to\u010dki je bilo govora o zakonu in o predlogih, ki so jih predstavniki manj\u0161in poslali v vednost ostalim manj\u0161inam in Koordinaciji, tako da je bilo govora o tem da vsi nacionalni sveti pregledajo predloge, ki jih bo dostavila Koordinacija in da \u0161e sami dodajo predloge ali pripombe.<\/span><\/p>\n<p><span lang=\"SL\">\u00a0<\/span><\/p>\n<p><span lang=\"SL\">3.\u00a0\u00a0\u00a0\u00a0\u00a0 <\/span><span lang=\"SL\">Civilni sektor je v sodelovanju z eksperti Srbije imel predavanje o strategiji nacionalnih svetov in koordinaciji le teh. Tisti ki so bili na predavanju so povedali, da so predstavniki iz Slovenije in Hrva\u0161ke govorili o principih dobre prakse in na\u010dinih, kako so urejene pravice nacionalnih manj\u0161in pri njih, vendar so tudi vsi bili mnenja da je predavanje bilo izklju\u010dno samo sebi namen in da so nekatere konstatacije celo \u017ealjive za nacionalne svete ker ne izra\u017eajo realnega stanja, tako da je bilo sprejeto splo\u0161no mnenje, da nacionalni sveti ne potrebujejo pomo\u010di pri strategiji, saj trditve, ki so navedene v gradivu niso v skladu s potrebami nacionalnih manj\u0161in.<\/span><\/p>\n<p><span lang=\"SL\">\u00a0<\/span><\/p>\n<p><span lang=\"SL\">4.\u00a0\u00a0\u00a0\u00a0\u00a0 <\/span><span lang=\"SL\">V to\u010dki razno je bilo govora o teko\u010dih zadevah ki so pomembne za nacionalne svete, kot so\u00a0<\/span><\/p>\n<p><span lang=\"SL\">financiranje, stro\u0161ki, finan\u010dna poro\u010dila in podobno.<\/span><\/p>\n<p>&nbsp;<\/p>\n<p><a href=\"https:\/\/slovenci.rs\/wp-content\/uploads\/2016\/01\/IMG_4681.jpg\"><img loading=\"lazy\" decoding=\"async\" class=\"alignnone size-thumbnail wp-image-2473\" src=\"https:\/\/slovenci.rs\/wp-content\/uploads\/2016\/01\/IMG_4681-150x150.jpg\" alt=\"IMG_4681\" width=\"150\" height=\"150\" \/><\/a>\u00a0 \u00a0 \u00a0\u00a0<a href=\"https:\/\/slovenci.rs\/wp-content\/uploads\/2016\/01\/IMG_4674.jpg\"><img loading=\"lazy\" decoding=\"async\" class=\"alignnone size-thumbnail wp-image-2475\" src=\"https:\/\/slovenci.rs\/wp-content\/uploads\/2016\/01\/IMG_4674-150x150.jpg\" alt=\"IMG_4674\" width=\"150\" height=\"150\" \/><\/a><\/p>","protected":false},"excerpt":{"rendered":"<p>&nbsp; V soboto, 23. januarja 2015, je bila v prostorih Nacionalnega sveta slova\u0161ke narodne manj\u0161ine v Novem Sadu seja Koordinacije. Seje se je v imenu Nacionalnega sveta slovenske narodne manj\u0161ine udele\u017eila Elza Ajdukovi\u0107, \u010dlanica Nacionalnega sveta. \u00a0 Po uvodnih pozdravih predsednice Koordinacije Ane Tomanove Makanove je bil sprejet naslednji dnevni red: \u00a0\u00a0\u00a0\u00a0\u00a0\u00a0\u00a0\u00a0\u00a0\u00a0\u00a0\u00a0\u00a0\u00a0\u00a0\u00a0\u00a0\u00a0\u00a0\u00a0\u00a0\u00a0\u00a0\u00a0\u00a0\u00a0\u00a0\u00a0\u00a0\u00a0\u00a0\u00a0\u00a0\u00a0 \u00a0\u00a0\u00a0\u00a0\u00a0\u00a0\u00a0\u00a0\u00a0\u00a0\u00a0\u00a0\u00a0\u00a0\u00a0\u00a0\u00a0\u00a0\u00a0\u00a0\u00a0\u00a0\u00a0\u00a0\u00a0\u00a0\u00a0\u00a0\u00a0\u00a0\u00a0\u00a0\u00a0\u00a0 1.Akcijski na\u010drt-pregled [&hellip;]<\/p>\n","protected":false},"author":1,"featured_media":0,"comment_status":"closed","ping_status":"closed","sticky":false,"template":"","format":"standard","meta":{"footnotes":""},"categories":[1],"tags":[],"class_list":["post-2468","post","type-post","status-publish","format-standard","hentry","category-uncategorized"],"_links":{"self":[{"href":"https:\/\/slovenci.rs\/sl\/wp-json\/wp\/v2\/posts\/2468","targetHints":{"allow":["GET"]}}],"collection":[{"href":"https:\/\/slovenci.rs\/sl\/wp-json\/wp\/v2\/posts"}],"about":[{"href":"https:\/\/slovenci.rs\/sl\/wp-json\/wp\/v2\/types\/post"}],"author":[{"embeddable":true,"href":"https:\/\/slovenci.rs\/sl\/wp-json\/wp\/v2\/users\/1"}],"replies":[{"embeddable":true,"href":"https:\/\/slovenci.rs\/sl\/wp-json\/wp\/v2\/comments?post=2468"}],"version-history":[{"count":3,"href":"https:\/\/slovenci.rs\/sl\/wp-json\/wp\/v2\/posts\/2468\/revisions"}],"predecessor-version":[{"id":2476,"href":"https:\/\/slovenci.rs\/sl\/wp-json\/wp\/v2\/posts\/2468\/revisions\/2476"}],"wp:attachment":[{"href":"https:\/\/slovenci.rs\/sl\/wp-json\/wp\/v2\/media?parent=2468"}],"wp:term":[{"taxonomy":"category","embeddable":true,"href":"https:\/\/slovenci.rs\/sl\/wp-json\/wp\/v2\/categories?post=2468"},{"taxonomy":"post_tag","embeddable":true,"href":"https:\/\/slovenci.rs\/sl\/wp-json\/wp\/v2\/tags?post=2468"}],"curies":[{"name":"wp","href":"https:\/\/api.w.org\/{rel}","templated":true}]}}