{"id":2477,"date":"2016-01-26T15:27:03","date_gmt":"2016-01-26T14:27:03","guid":{"rendered":"https:\/\/slovenci.rs\/?p=2477"},"modified":"2016-01-26T15:27:03","modified_gmt":"2016-01-26T14:27:03","slug":"vabilo-3","status":"publish","type":"post","link":"https:\/\/slovenci.rs\/sl\/vabilo-3\/","title":{"rendered":"Vabilo"},"content":{"rendered":"<p>&nbsp;<\/p>\n<p>Sa zadovoljstvom Vas pozivamo da prisustvujete promociji zbornika radova \u201cNacionalni saveti nacionalnih manjina i kultura 2\u201d koja \u0107e biti odr\u017eana u \u010detvrtak, 28. januara u 19 \u010dasova, u prostorijama Zavoda za kulturu Vojvodine, Vojvode Putnika 2, Novi Sad.<\/p>\n<p>O zborniku \u0107e govoriti autor dr Alpar Lo\u0161onc i urednici dr Du\u0161ko Radosavljevi\u0107, Eva Vuka\u0161inovi\u0107 i Miroslav Keve\u017edi. Izdava\u010di zbornika su Zavod za kulturu Vojvodine i Pokrajinski ombudsman APV.<\/p>\n<p>Zbornik &#8222;Nacionalni saveti nacionalnih manjina i kultura 2&#8220; predstavlja nastavak uspe\u0161ne saradnje Zavoda za kulturu Vojvodine i Pokrajinskog ombudsmana kojim se \u010ditala\u010dkoj javnosti daju na uvid tekstovi posve\u0107eni aktuelnim pitanjima vezanim za politi\u010dki i pravni polo\u017eaj nacionalnih saveta nacionalnih manjina, uz tekstove koji su posve\u0107eni zna\u010dajnim momentima u funkcionisanju manjinskih kulturnih sistema.<\/p>\n<p>U zborniku su zastupljeni radovi petnaest autora koji otvaraju slo\u017eena pitanja. Da li smo u epohi posle multikulturalizma? Kakva je integrativna dr\u017eavna politika Republike Srbije potrebna? Kako do politi\u010dke predstavljenosti i srazmerne zastupljenosti nacionalnih manjina? Kakva je politi\u010dka kultura nacionalnih saveta nacionalnih manjina? Da li treba de-partizovati nacionalne savete? Kako unaprediti transparentnost rada saveta? Kakva je budu\u0107nost medija na jezicima nacionalnih manjina? Kakvo je aktuelno stanje slu\u017ebene vi\u0161ejezi\u010dnosti u Srbiji? Koji su kandidati za o\u010duvanje nematerijalne kulturne ba\u0161tine nacionalnih manjina? Kako se formiraju baze podataka o kulturnim sadr\u017eajima nacionalnih manjina? Koje su \u017eenske romske organizacije aktivne u Vojvodini, a kako menjati imid\u017e Roma? \u0160ta o udru\u017eivanju manjina mo\u017eemo nau\u010diti iz pro\u0161losti kroz primere rusinskih zadruga? Na ova pitanja kroz radove u Zborniku odgovaraju dr Alpar Lo\u0161onc, dr Du\u0161ko Radosavljevi\u0107, dr Dubravka Vali\u0107, dr Katinka Beretka, dr Vesna Marjanovi\u0107, dr Svenka Savi\u0107, dr Zoran Tairovi\u0107, dr Janko Rama\u010d, mr Veronika Mitro, mr Sne\u017eana Ili\u0107, mgr.art. Milina Sklabinski, Nenad \u0110ur\u0111evi\u0107, Ksenija Markovi\u0107, Nina Jani\u0107 i Jelena Perkovi\u0107.<\/p>\n<p>Radovi u ovom zborniku mogu biti interesantni svim onim akterima koji se, nezavisno od etni\u010dke pripadnosti, bave pitanjem nacionalnih manjina, kulture, kulturnih prava i funkcionisanjem kulturnih i manjinskih sistema. U tom smislu, ovaj zbornik bi mogao predstavljati i podsticajan uvod za debatu o kulturnim politikama, njihovim ciljevima, institucionalnoj infrastrukturi i ostvarenim rezultatima.<\/p>\n<p>&nbsp;<\/p>\n<p>S po\u0161tovanjem,<\/p>\n<p>Zavod za kulturu Vojvodine \u2013 Pokrajinski ombudsman APV<\/p>","protected":false},"excerpt":{"rendered":"<p>&nbsp; Sa zadovoljstvom Vas pozivamo da prisustvujete promociji zbornika radova \u201cNacionalni saveti nacionalnih manjina i kultura 2\u201d koja \u0107e biti odr\u017eana u \u010detvrtak, 28. januara u 19 \u010dasova, u prostorijama Zavoda za kulturu Vojvodine, Vojvode Putnika 2, Novi Sad. O zborniku \u0107e govoriti autor dr Alpar Lo\u0161onc i urednici dr Du\u0161ko Radosavljevi\u0107, Eva Vuka\u0161inovi\u0107 i [&hellip;]<\/p>\n","protected":false},"author":1,"featured_media":0,"comment_status":"closed","ping_status":"closed","sticky":false,"template":"","format":"standard","meta":{"footnotes":""},"categories":[1],"tags":[],"class_list":["post-2477","post","type-post","status-publish","format-standard","hentry","category-uncategorized"],"_links":{"self":[{"href":"https:\/\/slovenci.rs\/sl\/wp-json\/wp\/v2\/posts\/2477","targetHints":{"allow":["GET"]}}],"collection":[{"href":"https:\/\/slovenci.rs\/sl\/wp-json\/wp\/v2\/posts"}],"about":[{"href":"https:\/\/slovenci.rs\/sl\/wp-json\/wp\/v2\/types\/post"}],"author":[{"embeddable":true,"href":"https:\/\/slovenci.rs\/sl\/wp-json\/wp\/v2\/users\/1"}],"replies":[{"embeddable":true,"href":"https:\/\/slovenci.rs\/sl\/wp-json\/wp\/v2\/comments?post=2477"}],"version-history":[{"count":1,"href":"https:\/\/slovenci.rs\/sl\/wp-json\/wp\/v2\/posts\/2477\/revisions"}],"predecessor-version":[{"id":2478,"href":"https:\/\/slovenci.rs\/sl\/wp-json\/wp\/v2\/posts\/2477\/revisions\/2478"}],"wp:attachment":[{"href":"https:\/\/slovenci.rs\/sl\/wp-json\/wp\/v2\/media?parent=2477"}],"wp:term":[{"taxonomy":"category","embeddable":true,"href":"https:\/\/slovenci.rs\/sl\/wp-json\/wp\/v2\/categories?post=2477"},{"taxonomy":"post_tag","embeddable":true,"href":"https:\/\/slovenci.rs\/sl\/wp-json\/wp\/v2\/tags?post=2477"}],"curies":[{"name":"wp","href":"https:\/\/api.w.org\/{rel}","templated":true}]}}