{"id":2606,"date":"2016-09-12T21:16:50","date_gmt":"2016-09-12T19:16:50","guid":{"rendered":"https:\/\/slovenci.rs\/?p=2606"},"modified":"2016-09-12T21:18:52","modified_gmt":"2016-09-12T19:18:52","slug":"prejem-pri-predsedniku-pokrajinske-vlade-vojvodine","status":"publish","type":"post","link":"https:\/\/slovenci.rs\/sl\/prejem-pri-predsedniku-pokrajinske-vlade-vojvodine\/","title":{"rendered":"Sprejem pri predsedniku Pokrajinske vlade Vojvodine"},"content":{"rendered":"<p>&nbsp;<\/p>\n<p style=\"text-align: justify;\">Dne, 8. septembra 2016, se je predsednik Nacionalnega sveta slovenske narodne manj\u0161ine, Sa\u0161a Verbi\u010d, udele\u017eil sprejema pri predsedniku Pokrajinske vlade Vojvodine, Igorju Mirovi\u0107u.<\/p>\n<p style=\"text-align: justify;\">Predsednik Pokrajinske vlade Vojvodine je sprejel otroke in \u010dlane slovenske skupnosti v Srbiji, ki so se letos udele\u017eili poletne \u0161ole slovenskega jezika v Tolminu. Poletno \u0161olo je organiziralo Ministrstvo za \u0161olstvo, znanost in \u0161port Republike Slovenije, njihovo pot pa je v celoti podprla Pokrajinska vlada Vojvodine.<\/p>\n<p style=\"text-align: justify;\">Na sprejemu so se otroci zahvalili za pomo\u010d pri organizaciji prevoza v Tolmin, saj se je tako lahko 18 otrok, starih od 8 do 10 let, udele\u017eilo poletne \u0161ole in ob tej prilo\u017enosti predsedniku Mirovi\u0107u povedali, kaj so se novega nau\u010dili. Cilj je bil, da bi se otroci iz Vojvodine in Srbije, ki imajo slovensko poreklo, spoprijateljili z mladimi Slovenci iz celega sveta in da se skupaj u\u010dijo jezika svojih prednikov ter spoznajo kulturo in obi\u010daje te de\u017eele.<\/p>\n<p style=\"text-align: justify;\">Predsednik Mirovi\u0107 je v pogovoru z otroci in predsednikom Nacionalnega sveta slovenske narodne manj\u0161ine, Sa\u0161em Verbi\u010dem, ter \u010dlanico Dru\u0161tva Slovencev v Novem Sadu Kredarica, Irinko Frol Miri\u0107, poudaril, kako pomembno je, da otroci potujejo v domovino svojih prednikov in spoznavajo tradicijo in lepote Slovenije ter se pri tem zavejo svojih korenin. Mirovi\u0107 je izjavil, da je za Pokrajinsko vlado zelo pomembno, da podpira tak\u0161ne projekte, ki mlaj\u0161e generacije kulturno in duhovno bogatijo.<\/p>\n<p style=\"text-align: justify;\">Predsednik nacionalnega sveta slovenske narodne manj\u0161ine se je v imenu slovenske skupnosti v Srbiji zahvalil Pokrajinski vladi Vojvodine za razumevanje in pomo\u010d ter poudaril, da sta multikulturalnoist in medsebojno spoznavanje klju\u010dnega pomena za nadaljnji razvoj na\u0161e skupnosti v Srbiji, saj prispevata k notranjemu bogatenju najmlaj\u0161ih generacij otrok slovenskega porekla. Poudaril je, da si \u017eeli, da bi se tako pozitivno sodelovanje nadaljevalo tudi v prihodnosti<\/p>\n<p style=\"text-align: justify;\"><a href=\"https:\/\/slovenci.rs\/wp-content\/uploads\/2016\/09\/IMG_0356.1.jpg\"><img loading=\"lazy\" decoding=\"async\" class=\"alignnone size-medium wp-image-2608\" src=\"https:\/\/slovenci.rs\/wp-content\/uploads\/2016\/09\/IMG_0356.1-300x200.jpg\" alt=\"img_0356-1\" width=\"300\" height=\"200\" srcset=\"https:\/\/slovenci.rs\/wp-content\/uploads\/2016\/09\/IMG_0356.1-300x200.jpg 300w, https:\/\/slovenci.rs\/wp-content\/uploads\/2016\/09\/IMG_0356.1-1024x682.jpg 1024w\" sizes=\"auto, (max-width: 300px) 100vw, 300px\" \/><\/a><\/p>\n<p style=\"text-align: justify;\"><a href=\"https:\/\/slovenci.rs\/wp-content\/uploads\/2016\/09\/IMG_0388.jpg\"><img loading=\"lazy\" decoding=\"async\" class=\"alignnone size-medium wp-image-2610\" src=\"https:\/\/slovenci.rs\/wp-content\/uploads\/2016\/09\/IMG_0388-300x200.jpg\" alt=\"img_0388\" width=\"300\" height=\"200\" srcset=\"https:\/\/slovenci.rs\/wp-content\/uploads\/2016\/09\/IMG_0388-300x200.jpg 300w, https:\/\/slovenci.rs\/wp-content\/uploads\/2016\/09\/IMG_0388-1024x682.jpg 1024w\" sizes=\"auto, (max-width: 300px) 100vw, 300px\" \/><\/a><\/p>","protected":false},"excerpt":{"rendered":"<p>&nbsp; Dne, 8. septembra 2016, se je predsednik Nacionalnega sveta slovenske narodne manj\u0161ine, Sa\u0161a Verbi\u010d, udele\u017eil sprejema pri predsedniku Pokrajinske vlade Vojvodine, Igorju Mirovi\u0107u. Predsednik Pokrajinske vlade Vojvodine je sprejel otroke in \u010dlane slovenske skupnosti v Srbiji, ki so se letos udele\u017eili poletne \u0161ole slovenskega jezika v Tolminu. Poletno \u0161olo je organiziralo Ministrstvo za \u0161olstvo, [&hellip;]<\/p>\n","protected":false},"author":1,"featured_media":0,"comment_status":"closed","ping_status":"closed","sticky":false,"template":"","format":"standard","meta":{"footnotes":""},"categories":[1],"tags":[],"class_list":["post-2606","post","type-post","status-publish","format-standard","hentry","category-uncategorized"],"_links":{"self":[{"href":"https:\/\/slovenci.rs\/sl\/wp-json\/wp\/v2\/posts\/2606","targetHints":{"allow":["GET"]}}],"collection":[{"href":"https:\/\/slovenci.rs\/sl\/wp-json\/wp\/v2\/posts"}],"about":[{"href":"https:\/\/slovenci.rs\/sl\/wp-json\/wp\/v2\/types\/post"}],"author":[{"embeddable":true,"href":"https:\/\/slovenci.rs\/sl\/wp-json\/wp\/v2\/users\/1"}],"replies":[{"embeddable":true,"href":"https:\/\/slovenci.rs\/sl\/wp-json\/wp\/v2\/comments?post=2606"}],"version-history":[{"count":4,"href":"https:\/\/slovenci.rs\/sl\/wp-json\/wp\/v2\/posts\/2606\/revisions"}],"predecessor-version":[{"id":2612,"href":"https:\/\/slovenci.rs\/sl\/wp-json\/wp\/v2\/posts\/2606\/revisions\/2612"}],"wp:attachment":[{"href":"https:\/\/slovenci.rs\/sl\/wp-json\/wp\/v2\/media?parent=2606"}],"wp:term":[{"taxonomy":"category","embeddable":true,"href":"https:\/\/slovenci.rs\/sl\/wp-json\/wp\/v2\/categories?post=2606"},{"taxonomy":"post_tag","embeddable":true,"href":"https:\/\/slovenci.rs\/sl\/wp-json\/wp\/v2\/tags?post=2606"}],"curies":[{"name":"wp","href":"https:\/\/api.w.org\/{rel}","templated":true}]}}