{"id":3180,"date":"2017-09-15T04:13:37","date_gmt":"2017-09-15T02:13:37","guid":{"rendered":"https:\/\/slovenci.rs\/?p=3180"},"modified":"2017-09-15T04:14:13","modified_gmt":"2017-09-15T02:14:13","slug":"predstavitev-nacrta-iv-porocila-o-izvajanju-akcijskega-nacrta-za-zagotavljanje-pravic-narodnih-manjsin","status":"publish","type":"post","link":"https:\/\/slovenci.rs\/sl\/predstavitev-nacrta-iv-porocila-o-izvajanju-akcijskega-nacrta-za-zagotavljanje-pravic-narodnih-manjsin\/","title":{"rendered":"Predstavitev Na\u010drta IV Poro\u010dila o izvajanju Akcijskega na\u010drta za zagotavljanje pravic narodnih manj\u0161in"},"content":{"rendered":"<p>&nbsp;<\/p>\n<p style=\"text-align: justify;\">V Palati Srbija je 13. septembra potekala predstavitev Na\u010drta IV Poro\u010dila o izvajanju Akcijskega na\u010drta za zagotavljanje pravic narodnih manj\u0161in (Nacrt IV Izve\u0161taja o sprovo\u0111enju Akcionog plana za sprovo\u0111enje prava nacionalnih manjina), na katero so bili povabljeni predstavniki dr\u017eavnih organov, mednarodnih organizacij, organizacij civilne dru\u017ebe in nacionalnih svetov narodnih manj\u0161in. V imenu NS slovenske narodne manj\u0161ine sta se sestanka udele\u017eila predsednik Sa\u0161a Verbi\u010d in sekretarka Tanja Tomazin.<\/p>\n<p style=\"text-align: justify;\">Prisotne je najprej pozdravila direktorica Urada za \u010dlove\u0161ke in manj\u0161inske pravice Suzana Paunovi\u0107. Podala je osnovne tehni\u010dne podatke o Akcijskem na\u010drtu, se zahvalila vsem prisotnim in med drugim poudarila, da se izvajalci projekta zavedajo, da gre za zahtevno sodelovanje \u2013 posebej tudi za nosilce poro\u010danj. Zatem je zbrane nagovoril dr\u017eavni sekretar Ministrstva za dr\u017eavno upravo in lokalno samoupravo Ivan Bo\u0161njak. Po uvodnem delu je bila ob spremljajo\u010di projekciji predstavljena statistika za II kvartal poro\u010danja, nakar je potekala odprta razprava o postopku, kriterijih in rezultatih Akcijskega na\u010drta. Zaklju\u010dek uradnega dela sestanka je ponudil prilo\u017enost, da se sre\u010dajo in pogovorijo ljudje iz razli\u010dnih organizacij in skupnosti<\/p>\n<p style=\"text-align: justify;\">\n<p style=\"text-align: justify;\">\n<p style=\"text-align: justify;\"><a href=\"https:\/\/slovenci.rs\/wp-content\/uploads\/2017\/09\/IMG_20170913_135446.jpg\"><img loading=\"lazy\" decoding=\"async\" class=\"aligncenter size-medium wp-image-3182\" src=\"https:\/\/slovenci.rs\/wp-content\/uploads\/2017\/09\/IMG_20170913_135446-300x168.jpg\" alt=\"IMG_20170913_135446\" width=\"300\" height=\"168\" srcset=\"https:\/\/slovenci.rs\/wp-content\/uploads\/2017\/09\/IMG_20170913_135446-300x168.jpg 300w, https:\/\/slovenci.rs\/wp-content\/uploads\/2017\/09\/IMG_20170913_135446-1024x576.jpg 1024w\" sizes=\"auto, (max-width: 300px) 100vw, 300px\" \/><\/a><\/p>","protected":false},"excerpt":{"rendered":"<p>&nbsp; V Palati Srbija je 13. septembra potekala predstavitev Na\u010drta IV Poro\u010dila o izvajanju Akcijskega na\u010drta za zagotavljanje pravic narodnih manj\u0161in (Nacrt IV Izve\u0161taja o sprovo\u0111enju Akcionog plana za sprovo\u0111enje prava nacionalnih manjina), na katero so bili povabljeni predstavniki dr\u017eavnih organov, mednarodnih organizacij, organizacij civilne dru\u017ebe in nacionalnih svetov narodnih manj\u0161in. V imenu NS slovenske [&hellip;]<\/p>\n","protected":false},"author":1,"featured_media":0,"comment_status":"closed","ping_status":"closed","sticky":false,"template":"","format":"standard","meta":{"footnotes":""},"categories":[1],"tags":[],"class_list":["post-3180","post","type-post","status-publish","format-standard","hentry","category-uncategorized"],"_links":{"self":[{"href":"https:\/\/slovenci.rs\/sl\/wp-json\/wp\/v2\/posts\/3180","targetHints":{"allow":["GET"]}}],"collection":[{"href":"https:\/\/slovenci.rs\/sl\/wp-json\/wp\/v2\/posts"}],"about":[{"href":"https:\/\/slovenci.rs\/sl\/wp-json\/wp\/v2\/types\/post"}],"author":[{"embeddable":true,"href":"https:\/\/slovenci.rs\/sl\/wp-json\/wp\/v2\/users\/1"}],"replies":[{"embeddable":true,"href":"https:\/\/slovenci.rs\/sl\/wp-json\/wp\/v2\/comments?post=3180"}],"version-history":[{"count":2,"href":"https:\/\/slovenci.rs\/sl\/wp-json\/wp\/v2\/posts\/3180\/revisions"}],"predecessor-version":[{"id":3183,"href":"https:\/\/slovenci.rs\/sl\/wp-json\/wp\/v2\/posts\/3180\/revisions\/3183"}],"wp:attachment":[{"href":"https:\/\/slovenci.rs\/sl\/wp-json\/wp\/v2\/media?parent=3180"}],"wp:term":[{"taxonomy":"category","embeddable":true,"href":"https:\/\/slovenci.rs\/sl\/wp-json\/wp\/v2\/categories?post=3180"},{"taxonomy":"post_tag","embeddable":true,"href":"https:\/\/slovenci.rs\/sl\/wp-json\/wp\/v2\/tags?post=3180"}],"curies":[{"name":"wp","href":"https:\/\/api.w.org\/{rel}","templated":true}]}}