{"id":3244,"date":"2017-10-18T12:02:42","date_gmt":"2017-10-18T10:02:42","guid":{"rendered":"https:\/\/slovenci.rs\/?p=3244"},"modified":"2017-10-18T12:06:22","modified_gmt":"2017-10-18T10:06:22","slug":"manj-stevilcne-narodne-manjsine-skupnosti-okrogla-miza-centra-za-regionalizem","status":"publish","type":"post","link":"https:\/\/slovenci.rs\/sl\/manj-stevilcne-narodne-manjsine-skupnosti-okrogla-miza-centra-za-regionalizem\/","title":{"rendered":"\u00bbMANJ \u0160TEVIL\u010cNE NARODNE MANJ\u0160INE \u2013 SKUPNOSTI\u00ab &#8211; OKROGLA MIZA CENTRA ZA REGIONALIZEM"},"content":{"rendered":"<p>&nbsp;<\/p>\n<p style=\"text-align: justify;\">\u00bb<strong>Centar za regionalizam<\/strong>\u00ab je v sodelovanju s \u00bb<strong>Kancelarijo za ljudska i manjinska prava<\/strong>\u00ab Vlade Republike Srbije in <strong>AP Vojvodina<\/strong> organiziral okroglo mizo z naslovom <strong>\u00bbMANJE BROJNE NACIONALNE MANJINE\u00ab<\/strong>. Dogodek je bil posve\u010den predstavljanju rezultatov ve\u010dmese\u010dne raziskave o statusu, polo\u017eaju in odprtih vpra\u0161anjih manj \u0161tevil\u010dnih narodnih skupnosti v Srbiji. V kontekstu raziskave sta izvajalca projekta ga. <strong>Jelena Perkovi\u0107<\/strong> in g. <strong>Darko Ba\u0161tovanovi\u0107<\/strong> obiskovala Nacionalne svete <strong>\u010de\u0161ke, ukrajinske, nem\u0161ke, \u017eidovske, gr\u0161ke, rusinske in slovenske narodne skupnosti v Srbiji<\/strong>. S predstavniki manj\u0161in sta se pogovarjala <strong>o primerih dobre prakse in o te\u017eavah<\/strong>, s katerimi se soo\u010dajo manj\u0161inske skupnosti.<\/p>\n<p style=\"text-align: justify;\">Okrogla miza je potekala <strong>v Novem Sadu v \u00bbGaleriji Matice srpske\u00ab, 16. oktobra 2017<\/strong>. Otvoritveni govor je imel <strong>Aleksandar Popov<\/strong>, direktor Centra za regionalizem, nakar so zbrane pozdravili in predstavili svoj pogled na obravnavano tematiko <strong>Vladimir Radulovi\u0107<\/strong> iz \u00bbKancelarije za ljudska i manjinska prava\u00ab, <strong>Biljana Markovi\u0107<\/strong> iz \u00bbMinistarstva za upravu i lokalnu samoupravu\u00ab in <strong>Milinka Hr\u0107an<\/strong> iz \u00bbPokrajinskog sekretarijata za upravu, propise, obrazovanje i nacionalne manjine-zajednice\u00ab. Sledil je vpogled v sam ustroj in potek raziskave, ki sta ga vsak na svoj na\u010din predstavila omenjena raziskovalca Perkovi\u0107 in Ba\u0161tovanovi\u0107.<\/p>\n<p style=\"text-align: justify;\">Po kraj\u0161em premoru sta zbrane nagovorila prof. dr. <strong>Jo\u017ee Siva\u010dek<\/strong>, predsednik NS \u010de\u0161ke narodne manj\u0161ine, in <strong>Sa\u0161a Verbi\u010d<\/strong>, predsednik NS slovenske narodne manj\u0161ine. V svojih komplementarnih govorih sta predstavila nekaj klju\u010dnih te\u017eav, s katerimi se soo\u010dajo manj \u0161tevil\u010dne manj\u0161inske skupnosti, kot so med drugimi: zagotavljanje dovolj\u0161nega kadra in finan\u010dne preskrbljenosti, ki bi omogo\u010dala a\u017eurno delovanje Nacionalnih svetov; preobremenjenost z odgovarjanjem na vse ve\u010dje birokratske zahteve; nesorazmerje med dol\u017enostmi in pravicami Nacionalnih svetov, ki izhaja iz ve\u010dkrat spregledane razli\u010dnosti med manj\u0161inami posameznih narodov; in omejevanje samostojnega odlo\u010danja glede notranjega delovanja Nacionalnih svetov. Poleg tega sta Siva\u010dek in Verbi\u010d predstavila tudi primere dobre prakse in izrazila zadovoljstvo s pozornostjo, ki jo je Center za regionalizem posvetil prav manj \u0161tevil\u010dnim narodnim manj\u0161inskim skupnostim. Udele\u017eenci in vodje projekta so izrazili veliko zanimanje in zadovoljstvo glede samoiniciativnega povezovanja tak\u0161nih skupnosti, ki ga predstavlja <strong>Protokol o sodelovanju in razumevanju<\/strong> (\u00bbProtokol o saradnji i razumevanju nacionalnih saveta nacionalnih manjina\u00ab), podpisan s strani predstavnikov slovenske, nem\u0161ke, \u010de\u0161ke, \u017eidovske in gr\u0161ke narodne manj\u0161ine v Srbiji. Uradnemu delu je sledila \u017eivahna in profesionalno vodena razprava.<\/p>\n<p style=\"text-align: justify;\">Celotna raziskava je, skupaj z dogodkom v Novem Sadu, ponudila <strong>mo\u017enost, da se oglasijo tiste narodne manj\u0161ine, ki so po \u0161tevilu pripadnikov majhne<\/strong> (do 5.000 ljudi), kar vpliva na <strong>specifi\u010dnost njihovega obstajanja (obstoja) in delovanja<\/strong>. Slovenska manj\u0161inska skupnost se z velikim veseljem pridru\u017euje \u017eeljam in na\u010drtom, ki so jih izrazili organizatorji in izvajalci projekta \u2013 da je to le za\u010detek, neke vrste uvod v obse\u017enej\u0161e in \u0161e bolj poglobljene raziskave na temo manj \u0161tevil\u010dnih narodnih manj\u0161in v Republiki Srbiji<\/p>\n<p style=\"text-align: justify;\">Tanja Tomazin<\/p>\n<p style=\"text-align: justify;\">\n<p style=\"text-align: justify;\"><a href=\"https:\/\/slovenci.rs\/wp-content\/uploads\/2017\/10\/DSC00011.jpg\"><img loading=\"lazy\" decoding=\"async\" class=\"aligncenter size-medium wp-image-3247\" src=\"https:\/\/slovenci.rs\/wp-content\/uploads\/2017\/10\/DSC00011-300x165.jpg\" alt=\"DSC00011\" width=\"300\" height=\"165\" srcset=\"https:\/\/slovenci.rs\/wp-content\/uploads\/2017\/10\/DSC00011-300x165.jpg 300w, https:\/\/slovenci.rs\/wp-content\/uploads\/2017\/10\/DSC00011-1024x563.jpg 1024w\" sizes=\"auto, (max-width: 300px) 100vw, 300px\" \/><\/a> <a href=\"https:\/\/slovenci.rs\/wp-content\/uploads\/2017\/10\/DSC00012.jpg\"><img loading=\"lazy\" decoding=\"async\" class=\"aligncenter size-medium wp-image-3248\" src=\"https:\/\/slovenci.rs\/wp-content\/uploads\/2017\/10\/DSC00012-300x202.jpg\" alt=\"DSC00012\" width=\"300\" height=\"202\" srcset=\"https:\/\/slovenci.rs\/wp-content\/uploads\/2017\/10\/DSC00012-300x202.jpg 300w, https:\/\/slovenci.rs\/wp-content\/uploads\/2017\/10\/DSC00012-1024x691.jpg 1024w\" sizes=\"auto, (max-width: 300px) 100vw, 300px\" \/><\/a> <a href=\"https:\/\/slovenci.rs\/wp-content\/uploads\/2017\/10\/DSC00017.jpg\"><img loading=\"lazy\" decoding=\"async\" class=\"aligncenter size-medium wp-image-3249\" src=\"https:\/\/slovenci.rs\/wp-content\/uploads\/2017\/10\/DSC00017-300x252.jpg\" alt=\"DSC00017\" width=\"300\" height=\"252\" srcset=\"https:\/\/slovenci.rs\/wp-content\/uploads\/2017\/10\/DSC00017-300x252.jpg 300w, https:\/\/slovenci.rs\/wp-content\/uploads\/2017\/10\/DSC00017-1024x860.jpg 1024w, https:\/\/slovenci.rs\/wp-content\/uploads\/2017\/10\/DSC00017.jpg 1945w\" sizes=\"auto, (max-width: 300px) 100vw, 300px\" \/><\/a><\/p>","protected":false},"excerpt":{"rendered":"<p>&nbsp; \u00bbCentar za regionalizam\u00ab je v sodelovanju s \u00bbKancelarijo za ljudska i manjinska prava\u00ab Vlade Republike Srbije in AP Vojvodina organiziral okroglo mizo z naslovom \u00bbMANJE BROJNE NACIONALNE MANJINE\u00ab. Dogodek je bil posve\u010den predstavljanju rezultatov ve\u010dmese\u010dne raziskave o statusu, polo\u017eaju in odprtih vpra\u0161anjih manj \u0161tevil\u010dnih narodnih skupnosti v Srbiji. V kontekstu raziskave sta izvajalca projekta [&hellip;]<\/p>\n","protected":false},"author":1,"featured_media":0,"comment_status":"closed","ping_status":"closed","sticky":false,"template":"","format":"standard","meta":{"footnotes":""},"categories":[1],"tags":[],"class_list":["post-3244","post","type-post","status-publish","format-standard","hentry","category-uncategorized"],"_links":{"self":[{"href":"https:\/\/slovenci.rs\/sl\/wp-json\/wp\/v2\/posts\/3244","targetHints":{"allow":["GET"]}}],"collection":[{"href":"https:\/\/slovenci.rs\/sl\/wp-json\/wp\/v2\/posts"}],"about":[{"href":"https:\/\/slovenci.rs\/sl\/wp-json\/wp\/v2\/types\/post"}],"author":[{"embeddable":true,"href":"https:\/\/slovenci.rs\/sl\/wp-json\/wp\/v2\/users\/1"}],"replies":[{"embeddable":true,"href":"https:\/\/slovenci.rs\/sl\/wp-json\/wp\/v2\/comments?post=3244"}],"version-history":[{"count":4,"href":"https:\/\/slovenci.rs\/sl\/wp-json\/wp\/v2\/posts\/3244\/revisions"}],"predecessor-version":[{"id":3251,"href":"https:\/\/slovenci.rs\/sl\/wp-json\/wp\/v2\/posts\/3244\/revisions\/3251"}],"wp:attachment":[{"href":"https:\/\/slovenci.rs\/sl\/wp-json\/wp\/v2\/media?parent=3244"}],"wp:term":[{"taxonomy":"category","embeddable":true,"href":"https:\/\/slovenci.rs\/sl\/wp-json\/wp\/v2\/categories?post=3244"},{"taxonomy":"post_tag","embeddable":true,"href":"https:\/\/slovenci.rs\/sl\/wp-json\/wp\/v2\/tags?post=3244"}],"curies":[{"name":"wp","href":"https:\/\/api.w.org\/{rel}","templated":true}]}}