{"id":3278,"date":"2017-10-31T09:04:58","date_gmt":"2017-10-31T08:04:58","guid":{"rendered":"https:\/\/slovenci.rs\/?p=3278"},"modified":"2017-10-31T09:07:03","modified_gmt":"2017-10-31T08:07:03","slug":"gastronomski-dogodek-nase-slovenske-specialitete-ze-tretjic-v-pancevu","status":"publish","type":"post","link":"https:\/\/slovenci.rs\/sl\/gastronomski-dogodek-nase-slovenske-specialitete-ze-tretjic-v-pancevu\/","title":{"rendered":"Gastronomski dogodek &#8222;Na\u0161e slovenske specialitete&#8220; \u017ee tretji\u010d v Pan\u010devu"},"content":{"rendered":"<p>&nbsp;<\/p>\n<p style=\"text-align: justify;\">Uspe\u0161na promocija slovenske tradicionalne kuhinje<\/p>\n<p style=\"text-align: justify;\">V Pan\u010devu je 28. oktobra \u017ee tretji\u010d potekal dogodek &#8222;Na\u0161e slovenske specialitete&#8220;, ki je bil letos organiziran v mad\u017earskem Kulturno umetni\u0161kem dru\u0161tvu &#8222;Petefi \u0160andor&#8220;. Dogodka se je udele\u017eilo ve\u010d kot 150 udele\u017eencev in gostov iz slovenskih dru\u0161tev iz Pan\u010deva, Beograda, Kovina, Vr\u0161ca, Gudurice, Podgorice v \u010crni Gori, kot tudi iz \u0160olskega centra iz Ptuja v Sloveniji. Prisotni so bili tudi predstavniki Ob\u010dine iz Pan\u010deva, Beograjske nad\u0161kofije, generalni konzul Republike Slovenije v Celovcu Milan Predan, predsednik Nacionalnega sveta slovenske narodne manj\u0161ine v Srbiji Sa\u0161a Verbi\u010d, skupaj z nekaterimi \u010dlani Nacionalnega sveta, kot tudi mnoge osebnosti iz javnega in kulturnega \u017eivljenja v Pan\u010devu.<\/p>\n<p style=\"text-align: justify;\">Udele\u017eenci leto\u0161njega revialnega tekmovanja so gostom pripravili zanimiv meni z naslednjimi pribolj\u0161ki: goveja juha z rezanci od pala\u010dink (celestine) na \u0161tajerski na\u010din, goveji gola\u017e s polento na prekmurski na\u010din, me\u0161ana solata na slovenski na\u010din in kola\u010d &#8222;Melanija&#8220;.<\/p>\n<p style=\"text-align: justify;\">Kosilo so pripravili u\u010denci srednjih gostinskih \u0161ol iz Pan\u010deva, Vr\u0161ca in Ptuja ob mentorstvu svojih profesorjev in doma\u010dinov iz Dru\u0161tva Slovencev in MKUD-a &#8222;Petefi \u0160andor&#8220;.<\/p>\n<p style=\"text-align: justify;\">Kvaliteto pripravljenih jedi je strokovna \u017eirija ocenila z visoko oceno, \u010demur so pritrdili tudi gosti na skupnem kosilu.<\/p>\n<p style=\"text-align: justify;\">Ob tej prilo\u017enostu je promoviran nov kola\u010d-potica, poimenovan &#8222;Melanija&#8220;, ki po recepturi Estike Radi\u0107 poleg osnovnih sestavin vsebuje orehe in le\u0161nike iz Slovenije in specialno vino iz Sevni\u0161kega vinogorja.<\/p>\n<p style=\"text-align: justify;\">Profesorji in dijaki iz Biotehni\u0161ke \u0161ole iz Ptuja iz Slovenije so ob sre\u010danju izmenjavali informacije in izku\u0161nje s podro\u010dja gastronomije s svojimi kolegi iz Vr\u0161ca in Pan\u010deva.<\/p>\n<p style=\"text-align: justify;\">Manifestacija ima veliko vlogo v promoviranju slovenske tradicionalne kuhinje, letos ima \u0161e poseben pomen, saj je organizirana v sklopu programa obele\u017eevanja petletnice obstoja in uspe\u0161nega delovanja pan\u010devskega Dru\u0161tva Slovencev &#8222;Logarska dolina&#8220;.<\/p>\n<p style=\"text-align: justify;\">Po besedah Josipa Vebra, predsednika Dru\u0161tva Slovencev &#8222;Logarska dolina&#8220; in glavnega organizatorja dogodka, se je manifestacija uspe\u0161no zaklju\u010dila, odziv udele\u017eencev je bil zelo dober, zato se naslednje leto pri\u010dakuje \u0161e ve\u010dje \u0161tevilo udele\u017eencev, novih gostov iz slovenskih dru\u0161tev iz sosednjih dr\u017eav, \u0161e posebej se veselimo gostov iz Slovenije.<\/p>\n<p style=\"text-align: justify;\">Leto\u0161nji gastronomski dogodek so podprli Urad RS za Slovence v zamejstvu in po svetu, Nacionalni svet slovenske narodne manj\u0161ine v Srbiji, Ob\u010dina Pan\u010devo, mesarija &#8222;Burjan&#8220; in MKUD &#8222;Petefi \u0160andor&#8220;.<\/p>\n<p style=\"text-align: justify;\">Naslednji program, ki ga bo organiziralo pan\u010devsko dru\u0161tvo Slovencev, so &#8222;Glazarjevi dnevi&#8220;, Pesni\u0161ki ve\u010der slovenskega kantavtorja Petra Andreja ter Dnevi slovenskega filma, ki bodo organizirani v novembru<\/p>\n<p style=\"text-align: center;\">\n<p><a href=\"https:\/\/slovenci.rs\/wp-content\/uploads\/2017\/10\/20171028_101834.jpg\"><img loading=\"lazy\" decoding=\"async\" class=\"size-medium wp-image-3280 aligncenter\" src=\"https:\/\/slovenci.rs\/wp-content\/uploads\/2017\/10\/20171028_101834-300x168.jpg\" alt=\"20171028_101834\" width=\"300\" height=\"168\" srcset=\"https:\/\/slovenci.rs\/wp-content\/uploads\/2017\/10\/20171028_101834-300x168.jpg 300w, https:\/\/slovenci.rs\/wp-content\/uploads\/2017\/10\/20171028_101834-1024x576.jpg 1024w\" sizes=\"auto, (max-width: 300px) 100vw, 300px\" \/><\/a><\/p>\n<p><a href=\"https:\/\/slovenci.rs\/wp-content\/uploads\/2017\/10\/20171028_161818.jpg\"><img loading=\"lazy\" decoding=\"async\" class=\"aligncenter size-medium wp-image-3281\" src=\"https:\/\/slovenci.rs\/wp-content\/uploads\/2017\/10\/20171028_161818-300x168.jpg\" alt=\"20171028_161818\" width=\"300\" height=\"168\" srcset=\"https:\/\/slovenci.rs\/wp-content\/uploads\/2017\/10\/20171028_161818-300x168.jpg 300w, https:\/\/slovenci.rs\/wp-content\/uploads\/2017\/10\/20171028_161818-1024x576.jpg 1024w\" sizes=\"auto, (max-width: 300px) 100vw, 300px\" \/><\/a><\/p>\n<p><a href=\"https:\/\/slovenci.rs\/wp-content\/uploads\/2017\/10\/20171028_162424.jpg\"><img loading=\"lazy\" decoding=\"async\" class=\"aligncenter size-medium wp-image-3282\" src=\"https:\/\/slovenci.rs\/wp-content\/uploads\/2017\/10\/20171028_162424-300x168.jpg\" alt=\"20171028_162424\" width=\"300\" height=\"168\" srcset=\"https:\/\/slovenci.rs\/wp-content\/uploads\/2017\/10\/20171028_162424-300x168.jpg 300w, https:\/\/slovenci.rs\/wp-content\/uploads\/2017\/10\/20171028_162424-1024x576.jpg 1024w\" sizes=\"auto, (max-width: 300px) 100vw, 300px\" \/><\/a><\/p>","protected":false},"excerpt":{"rendered":"<p>&nbsp; Uspe\u0161na promocija slovenske tradicionalne kuhinje V Pan\u010devu je 28. oktobra \u017ee tretji\u010d potekal dogodek &#8222;Na\u0161e slovenske specialitete&#8220;, ki je bil letos organiziran v mad\u017earskem Kulturno umetni\u0161kem dru\u0161tvu &#8222;Petefi \u0160andor&#8220;. Dogodka se je udele\u017eilo ve\u010d kot 150 udele\u017eencev in gostov iz slovenskih dru\u0161tev iz Pan\u010deva, Beograda, Kovina, Vr\u0161ca, Gudurice, Podgorice v \u010crni Gori, kot tudi [&hellip;]<\/p>\n","protected":false},"author":1,"featured_media":0,"comment_status":"closed","ping_status":"closed","sticky":false,"template":"","format":"standard","meta":{"footnotes":""},"categories":[1],"tags":[],"class_list":["post-3278","post","type-post","status-publish","format-standard","hentry","category-uncategorized"],"_links":{"self":[{"href":"https:\/\/slovenci.rs\/sl\/wp-json\/wp\/v2\/posts\/3278","targetHints":{"allow":["GET"]}}],"collection":[{"href":"https:\/\/slovenci.rs\/sl\/wp-json\/wp\/v2\/posts"}],"about":[{"href":"https:\/\/slovenci.rs\/sl\/wp-json\/wp\/v2\/types\/post"}],"author":[{"embeddable":true,"href":"https:\/\/slovenci.rs\/sl\/wp-json\/wp\/v2\/users\/1"}],"replies":[{"embeddable":true,"href":"https:\/\/slovenci.rs\/sl\/wp-json\/wp\/v2\/comments?post=3278"}],"version-history":[{"count":5,"href":"https:\/\/slovenci.rs\/sl\/wp-json\/wp\/v2\/posts\/3278\/revisions"}],"predecessor-version":[{"id":3286,"href":"https:\/\/slovenci.rs\/sl\/wp-json\/wp\/v2\/posts\/3278\/revisions\/3286"}],"wp:attachment":[{"href":"https:\/\/slovenci.rs\/sl\/wp-json\/wp\/v2\/media?parent=3278"}],"wp:term":[{"taxonomy":"category","embeddable":true,"href":"https:\/\/slovenci.rs\/sl\/wp-json\/wp\/v2\/categories?post=3278"},{"taxonomy":"post_tag","embeddable":true,"href":"https:\/\/slovenci.rs\/sl\/wp-json\/wp\/v2\/tags?post=3278"}],"curies":[{"name":"wp","href":"https:\/\/api.w.org\/{rel}","templated":true}]}}