{"id":3293,"date":"2017-11-21T01:07:56","date_gmt":"2017-11-21T00:07:56","guid":{"rendered":"https:\/\/slovenci.rs\/?p=3293"},"modified":"2017-11-21T01:08:42","modified_gmt":"2017-11-21T00:08:42","slug":"dani-slovenackog-filma-od-22-do-25-novembra","status":"publish","type":"post","link":"https:\/\/slovenci.rs\/sl\/dani-slovenackog-filma-od-22-do-25-novembra\/","title":{"rendered":"Dani slovena\u010dkog filma, od 22. do 25. novembra"},"content":{"rendered":"<p>&nbsp;<\/p>\n<p>\u201ePozivamo Vas da nam se pridru\u017eite na festivalu Dani slovena\u010dkog filma, od 22. do 25. novembra 2017. godine u Beogradu. Dobrodo\u0161li!\u201c<\/p>\n<p>&nbsp;<\/p>\n<p><a href=\"https:\/\/slovenci.rs\/wp-content\/uploads\/2017\/11\/DSF_Pozivnica-220x100_2017.pdf\">DSF_Pozivnica 220x100_2017<\/a><\/p>\n<p>&nbsp;<\/p>\n<p><a href=\"https:\/\/slovenci.rs\/wp-content\/uploads\/2017\/11\/\u0414\u0430\u043d\u0438-\u0441\u043b\u043e\u0432\u0435\u043d\u0430\u0447\u043a\u043e\u0433-\u0444\u0438\u043b\u043c\u0430-\u041f\u0440\u043e\u0433\u0440\u0430\u043c..docx\">\u0414\u0430\u043d\u0438 \u0441\u043b\u043e\u0432\u0435\u043d\u0430\u0447\u043a\u043e\u0433 \u0444\u0438\u043b\u043c\u0430 &#8211; \u041f\u0440\u043e\u0433\u0440\u0430\u043c.<\/a><\/p>","protected":false},"excerpt":{"rendered":"<p>&nbsp; \u201ePozivamo Vas da nam se pridru\u017eite na festivalu Dani slovena\u010dkog filma, od 22. do 25. novembra 2017. godine u Beogradu. Dobrodo\u0161li!\u201c &nbsp; DSF_Pozivnica 220x100_2017 &nbsp; \u0414\u0430\u043d\u0438 \u0441\u043b\u043e\u0432\u0435\u043d\u0430\u0447\u043a\u043e\u0433 \u0444\u0438\u043b\u043c\u0430 &#8211; \u041f\u0440\u043e\u0433\u0440\u0430\u043c.<\/p>","protected":false},"author":1,"featured_media":0,"comment_status":"closed","ping_status":"closed","sticky":false,"template":"","format":"standard","meta":{"footnotes":""},"categories":[1],"tags":[],"class_list":["post-3293","post","type-post","status-publish","format-standard","hentry","category-uncategorized"],"_links":{"self":[{"href":"https:\/\/slovenci.rs\/sl\/wp-json\/wp\/v2\/posts\/3293","targetHints":{"allow":["GET"]}}],"collection":[{"href":"https:\/\/slovenci.rs\/sl\/wp-json\/wp\/v2\/posts"}],"about":[{"href":"https:\/\/slovenci.rs\/sl\/wp-json\/wp\/v2\/types\/post"}],"author":[{"embeddable":true,"href":"https:\/\/slovenci.rs\/sl\/wp-json\/wp\/v2\/users\/1"}],"replies":[{"embeddable":true,"href":"https:\/\/slovenci.rs\/sl\/wp-json\/wp\/v2\/comments?post=3293"}],"version-history":[{"count":2,"href":"https:\/\/slovenci.rs\/sl\/wp-json\/wp\/v2\/posts\/3293\/revisions"}],"predecessor-version":[{"id":3297,"href":"https:\/\/slovenci.rs\/sl\/wp-json\/wp\/v2\/posts\/3293\/revisions\/3297"}],"wp:attachment":[{"href":"https:\/\/slovenci.rs\/sl\/wp-json\/wp\/v2\/media?parent=3293"}],"wp:term":[{"taxonomy":"category","embeddable":true,"href":"https:\/\/slovenci.rs\/sl\/wp-json\/wp\/v2\/categories?post=3293"},{"taxonomy":"post_tag","embeddable":true,"href":"https:\/\/slovenci.rs\/sl\/wp-json\/wp\/v2\/tags?post=3293"}],"curies":[{"name":"wp","href":"https:\/\/api.w.org\/{rel}","templated":true}]}}