{"id":3299,"date":"2017-12-01T07:15:14","date_gmt":"2017-12-01T06:15:14","guid":{"rendered":"https:\/\/slovenci.rs\/?p=3299"},"modified":"2017-12-01T07:18:08","modified_gmt":"2017-12-01T06:18:08","slug":"predstavitev-casopisa-slovenika-slovenske-narodne-manjsine-v-srbiji","status":"publish","type":"post","link":"https:\/\/slovenci.rs\/sl\/predstavitev-casopisa-slovenika-slovenske-narodne-manjsine-v-srbiji\/","title":{"rendered":"Predstavitev \u010dasopisa Slovenika, slovenske narodne manj\u0161ine v Srbiji"},"content":{"rendered":"<p>&nbsp;<\/p>\n<p style=\"font-weight: 400; text-align: justify;\">V Pre\u0161ernovi dvorani SAZU v Ljubljani je bil 28. novembra predstavljen znanstveni \u010dasopis Slovenika, ki ga je ustanovil in ga izdaja Nacionalni svet slovenske narodne manj\u0161ine iz Srbije. Promocija je organizirana v sodelovanju z In\u0161titutom za izseljenstvo in migracije SAZU, Centrom za sloven\u0161\u010dino kot drugi in tuji jezik s Filozofske fakultete Univerze v Ljubljani in Nacionalnim svetom slovenske narodne manj\u0161ine v Srbiji.<\/p>\n<p style=\"font-weight: 400; text-align: justify;\">\u0160tevil\u010dni zainteresirani publiki so Sloveniko predstavile prof. dr. Maja \u0110ukanovi\u0107, Biljana Milenkovi\u0107 Vukovi\u0107 in Marija Vauda, prisotne pa so pozdravili predstavniki organizatorjev \u2013 dr. Janja \u017ditnik Serafin, dr. Mojca Nidorfer \u0160i\u0161kovi\u010d in Sa\u0161a Verbi\u010d.<\/p>\n<p style=\"font-weight: 400; text-align: justify;\">\u010casopis Slovenika je ustanovljen z \u017eeljo, da bi zbrali prispevke in spodbudili k ustvarjanju strokovnjake slovenskega rodu ter strokovnjake, ki se ukvarjajo s tematiko vpra\u0161anj v zvezi s Slovenijo, slovensko znanostjo in umetnostjo v Srbiji, z \u017eeljo, da bi omogo\u010dili objavo obravnav slovensko-srbskih znanstvenih vpra\u0161anj, predvsem s podro\u010dja humanistike. K sodelovanju so vabljeni strokovnjaki z in\u0161titucij, ki se ukvarjajo z na\u0161tetimi vpra\u0161anji, in to predvsem s stali\u0161\u010da izseljenstva. Predstavljeni sta bili prvi dve \u0161tevilki ter napovedana tretja, ki bo iz\u0161la do konca leta 2017.<\/p>\n<p style=\"font-weight: 400; text-align: justify;\">Slovenika je dostopna na spletni strani Nacionalnega sveta slovenske narodne manj\u0161ine:<a href=\"https:\/\/slovenci.rs\/sl\/slovenika\/\" data-saferedirecturl=\"https:\/\/www.google.com\/url?hl=en&amp;q=https:\/\/slovenci.rs\/slovenika\/&amp;source=gmail&amp;ust=1512195218277000&amp;usg=AFQjCNG2acnYw-p4huagdcb8N0noKGIRJw\">https:\/\/slovenci.rs\/slovenika\/<\/a><\/p>\n<p style=\"font-weight: 400; text-align: justify;\">\n<p style=\"font-weight: 400; text-align: justify;\"><a href=\"https:\/\/slovenci.rs\/wp-content\/uploads\/2017\/12\/P1050585.jpg\"><img loading=\"lazy\" decoding=\"async\" class=\"aligncenter size-medium wp-image-3302\" src=\"https:\/\/slovenci.rs\/wp-content\/uploads\/2017\/12\/P1050585-300x224.jpg\" alt=\"P1050585\" width=\"300\" height=\"224\" srcset=\"https:\/\/slovenci.rs\/wp-content\/uploads\/2017\/12\/P1050585-300x224.jpg 300w, https:\/\/slovenci.rs\/wp-content\/uploads\/2017\/12\/P1050585-1024x767.jpg 1024w, https:\/\/slovenci.rs\/wp-content\/uploads\/2017\/12\/P1050585.jpg 1327w\" sizes=\"auto, (max-width: 300px) 100vw, 300px\" \/><\/a><\/p>\n<p style=\"font-weight: 400; text-align: justify;\"><a href=\"https:\/\/slovenci.rs\/wp-content\/uploads\/2017\/12\/P1050588.jpg\"><img loading=\"lazy\" decoding=\"async\" class=\"aligncenter size-medium wp-image-3303\" src=\"https:\/\/slovenci.rs\/wp-content\/uploads\/2017\/12\/P1050588-300x224.jpg\" alt=\"P1050588\" width=\"300\" height=\"224\" srcset=\"https:\/\/slovenci.rs\/wp-content\/uploads\/2017\/12\/P1050588-300x224.jpg 300w, https:\/\/slovenci.rs\/wp-content\/uploads\/2017\/12\/P1050588-1024x767.jpg 1024w, https:\/\/slovenci.rs\/wp-content\/uploads\/2017\/12\/P1050588.jpg 1327w\" sizes=\"auto, (max-width: 300px) 100vw, 300px\" \/><\/a><\/p>\n<p style=\"font-weight: 400; text-align: justify;\"><a href=\"https:\/\/slovenci.rs\/wp-content\/uploads\/2017\/12\/P1050590.jpg\"><img loading=\"lazy\" decoding=\"async\" class=\"aligncenter size-medium wp-image-3304\" src=\"https:\/\/slovenci.rs\/wp-content\/uploads\/2017\/12\/P1050590-300x224.jpg\" alt=\"P1050590\" width=\"300\" height=\"224\" srcset=\"https:\/\/slovenci.rs\/wp-content\/uploads\/2017\/12\/P1050590-300x224.jpg 300w, https:\/\/slovenci.rs\/wp-content\/uploads\/2017\/12\/P1050590-1024x767.jpg 1024w, https:\/\/slovenci.rs\/wp-content\/uploads\/2017\/12\/P1050590.jpg 1327w\" sizes=\"auto, (max-width: 300px) 100vw, 300px\" \/><\/a><\/p>\n<p style=\"font-weight: 400; text-align: justify;\"><a href=\"https:\/\/slovenci.rs\/wp-content\/uploads\/2017\/12\/P1050596.jpg\"><img loading=\"lazy\" decoding=\"async\" class=\"aligncenter size-medium wp-image-3305\" src=\"https:\/\/slovenci.rs\/wp-content\/uploads\/2017\/12\/P1050596-224x300.jpg\" alt=\"P1050596\" width=\"224\" height=\"300\" srcset=\"https:\/\/slovenci.rs\/wp-content\/uploads\/2017\/12\/P1050596-224x300.jpg 224w, https:\/\/slovenci.rs\/wp-content\/uploads\/2017\/12\/P1050596.jpg 746w\" sizes=\"auto, (max-width: 224px) 100vw, 224px\" \/><\/a><\/p>\n<p style=\"font-weight: 400; text-align: justify;\"><a href=\"https:\/\/slovenci.rs\/wp-content\/uploads\/2017\/12\/P1050609.jpg\"><img loading=\"lazy\" decoding=\"async\" class=\"aligncenter size-medium wp-image-3306\" src=\"https:\/\/slovenci.rs\/wp-content\/uploads\/2017\/12\/P1050609-224x300.jpg\" alt=\"P1050609\" width=\"224\" height=\"300\" srcset=\"https:\/\/slovenci.rs\/wp-content\/uploads\/2017\/12\/P1050609-224x300.jpg 224w, https:\/\/slovenci.rs\/wp-content\/uploads\/2017\/12\/P1050609.jpg 746w\" sizes=\"auto, (max-width: 224px) 100vw, 224px\" \/><\/a><\/p>\n<p style=\"font-weight: 400; text-align: justify;\"><a href=\"https:\/\/slovenci.rs\/wp-content\/uploads\/2017\/12\/P1050610.jpg\"><img loading=\"lazy\" decoding=\"async\" class=\"aligncenter size-medium wp-image-3307\" src=\"https:\/\/slovenci.rs\/wp-content\/uploads\/2017\/12\/P1050610-300x224.jpg\" alt=\"P1050610\" width=\"300\" height=\"224\" srcset=\"https:\/\/slovenci.rs\/wp-content\/uploads\/2017\/12\/P1050610-300x224.jpg 300w, https:\/\/slovenci.rs\/wp-content\/uploads\/2017\/12\/P1050610-1024x767.jpg 1024w, https:\/\/slovenci.rs\/wp-content\/uploads\/2017\/12\/P1050610.jpg 1327w\" sizes=\"auto, (max-width: 300px) 100vw, 300px\" \/><\/a><\/p>\n<p style=\"font-weight: 400; text-align: justify;\"><a href=\"https:\/\/slovenci.rs\/wp-content\/uploads\/2017\/12\/P1050611.jpg\"><img loading=\"lazy\" decoding=\"async\" class=\"aligncenter size-medium wp-image-3308\" src=\"https:\/\/slovenci.rs\/wp-content\/uploads\/2017\/12\/P1050611-224x300.jpg\" alt=\"P1050611\" width=\"224\" height=\"300\" srcset=\"https:\/\/slovenci.rs\/wp-content\/uploads\/2017\/12\/P1050611-224x300.jpg 224w, https:\/\/slovenci.rs\/wp-content\/uploads\/2017\/12\/P1050611.jpg 746w\" sizes=\"auto, (max-width: 224px) 100vw, 224px\" \/><\/a><\/p>","protected":false},"excerpt":{"rendered":"<p>&nbsp; V Pre\u0161ernovi dvorani SAZU v Ljubljani je bil 28. novembra predstavljen znanstveni \u010dasopis Slovenika, ki ga je ustanovil in ga izdaja Nacionalni svet slovenske narodne manj\u0161ine iz Srbije. Promocija je organizirana v sodelovanju z In\u0161titutom za izseljenstvo in migracije SAZU, Centrom za sloven\u0161\u010dino kot drugi in tuji jezik s Filozofske fakultete Univerze v Ljubljani [&hellip;]<\/p>\n","protected":false},"author":1,"featured_media":0,"comment_status":"closed","ping_status":"closed","sticky":false,"template":"","format":"standard","meta":{"footnotes":""},"categories":[1],"tags":[],"class_list":["post-3299","post","type-post","status-publish","format-standard","hentry","category-uncategorized"],"_links":{"self":[{"href":"https:\/\/slovenci.rs\/sl\/wp-json\/wp\/v2\/posts\/3299","targetHints":{"allow":["GET"]}}],"collection":[{"href":"https:\/\/slovenci.rs\/sl\/wp-json\/wp\/v2\/posts"}],"about":[{"href":"https:\/\/slovenci.rs\/sl\/wp-json\/wp\/v2\/types\/post"}],"author":[{"embeddable":true,"href":"https:\/\/slovenci.rs\/sl\/wp-json\/wp\/v2\/users\/1"}],"replies":[{"embeddable":true,"href":"https:\/\/slovenci.rs\/sl\/wp-json\/wp\/v2\/comments?post=3299"}],"version-history":[{"count":3,"href":"https:\/\/slovenci.rs\/sl\/wp-json\/wp\/v2\/posts\/3299\/revisions"}],"predecessor-version":[{"id":3309,"href":"https:\/\/slovenci.rs\/sl\/wp-json\/wp\/v2\/posts\/3299\/revisions\/3309"}],"wp:attachment":[{"href":"https:\/\/slovenci.rs\/sl\/wp-json\/wp\/v2\/media?parent=3299"}],"wp:term":[{"taxonomy":"category","embeddable":true,"href":"https:\/\/slovenci.rs\/sl\/wp-json\/wp\/v2\/categories?post=3299"},{"taxonomy":"post_tag","embeddable":true,"href":"https:\/\/slovenci.rs\/sl\/wp-json\/wp\/v2\/tags?post=3299"}],"curies":[{"name":"wp","href":"https:\/\/api.w.org\/{rel}","templated":true}]}}