{"id":3316,"date":"2017-12-05T02:03:05","date_gmt":"2017-12-05T01:03:05","guid":{"rendered":"https:\/\/slovenci.rs\/?p=3316"},"modified":"2017-12-05T02:03:59","modified_gmt":"2017-12-05T01:03:59","slug":"joze-plecnik-arhitekta-ljubljana-prag-beograd","status":"publish","type":"post","link":"https:\/\/slovenci.rs\/sl\/joze-plecnik-arhitekta-ljubljana-prag-beograd\/","title":{"rendered":"JO\u017dE PLE\u010cNIK, ARHITEKTA LJUBLJANA \u2013 PRAG \u2013 BEOGRAD"},"content":{"rendered":"<p style=\"text-align: center;\">\n<p style=\"text-align: center;\">\n<p style=\"text-align: center;\">Nacionalni savet slovena\u010dke nacionalne manjine u Srbiji i<br \/>\nNacionalni savet \u010de\u0161ke nacionalne manjine u Srbiji<\/p>\n<p style=\"text-align: center;\">Vas sa zadovoljstvom pozivaju na manifestaciju<\/p>\n<p style=\"text-align: center;\">JO\u017dE PLE\u010cNIK, ARHITEKTA<br \/>\nLJUBLJANA \u2013 PRAG \u2013 BEOGRAD<\/p>\n<p style=\"text-align: center;\">7. i 8. decembra 2017. u Beogradu,<\/p>\n<p style=\"text-align: center;\">Ustanova kulture Parobrod i Crkva sv. Antona Padovanskog<\/p>\n<p style=\"text-align: center;\">Program se nalazi u prilogu.<\/p>\n<p style=\"text-align: center;\">Dobrodo\u0161li!<\/p>\n<p style=\"text-align: center;\"><a href=\"https:\/\/slovenci.rs\/wp-content\/uploads\/2017\/12\/Jo\u017ee-Ple\u010dnik_program.pdf\">Jo\u017ee Ple\u010dnik_program<\/a><\/p>","protected":false},"excerpt":{"rendered":"<p>Nacionalni savet slovena\u010dke nacionalne manjine u Srbiji i Nacionalni savet \u010de\u0161ke nacionalne manjine u Srbiji Vas sa zadovoljstvom pozivaju na manifestaciju JO\u017dE PLE\u010cNIK, ARHITEKTA LJUBLJANA \u2013 PRAG \u2013 BEOGRAD 7. i 8. decembra 2017. u Beogradu, Ustanova kulture Parobrod i Crkva sv. Antona Padovanskog Program se nalazi u prilogu. Dobrodo\u0161li! Jo\u017ee Ple\u010dnik_program<\/p>","protected":false},"author":1,"featured_media":0,"comment_status":"closed","ping_status":"closed","sticky":false,"template":"","format":"standard","meta":{"footnotes":""},"categories":[1],"tags":[],"class_list":["post-3316","post","type-post","status-publish","format-standard","hentry","category-uncategorized"],"_links":{"self":[{"href":"https:\/\/slovenci.rs\/sl\/wp-json\/wp\/v2\/posts\/3316","targetHints":{"allow":["GET"]}}],"collection":[{"href":"https:\/\/slovenci.rs\/sl\/wp-json\/wp\/v2\/posts"}],"about":[{"href":"https:\/\/slovenci.rs\/sl\/wp-json\/wp\/v2\/types\/post"}],"author":[{"embeddable":true,"href":"https:\/\/slovenci.rs\/sl\/wp-json\/wp\/v2\/users\/1"}],"replies":[{"embeddable":true,"href":"https:\/\/slovenci.rs\/sl\/wp-json\/wp\/v2\/comments?post=3316"}],"version-history":[{"count":3,"href":"https:\/\/slovenci.rs\/sl\/wp-json\/wp\/v2\/posts\/3316\/revisions"}],"predecessor-version":[{"id":3319,"href":"https:\/\/slovenci.rs\/sl\/wp-json\/wp\/v2\/posts\/3316\/revisions\/3319"}],"wp:attachment":[{"href":"https:\/\/slovenci.rs\/sl\/wp-json\/wp\/v2\/media?parent=3316"}],"wp:term":[{"taxonomy":"category","embeddable":true,"href":"https:\/\/slovenci.rs\/sl\/wp-json\/wp\/v2\/categories?post=3316"},{"taxonomy":"post_tag","embeddable":true,"href":"https:\/\/slovenci.rs\/sl\/wp-json\/wp\/v2\/tags?post=3316"}],"curies":[{"name":"wp","href":"https:\/\/api.w.org\/{rel}","templated":true}]}}