{"id":3355,"date":"2017-12-19T05:38:22","date_gmt":"2017-12-19T04:38:22","guid":{"rendered":"https:\/\/slovenci.rs\/?p=3355"},"modified":"2017-12-19T05:40:10","modified_gmt":"2017-12-19T04:40:10","slug":"manifestacija-joze-plecnik-arhitekt-ljubljana-praga-beograd-2","status":"publish","type":"post","link":"https:\/\/slovenci.rs\/sl\/manifestacija-joze-plecnik-arhitekt-ljubljana-praga-beograd-2\/","title":{"rendered":"Manifestacija \u00bbJo\u017ee Ple\u010dnik, arhitekt. Ljubljana \u2013 Praga \u2013 Beograd\u00ab"},"content":{"rendered":"<p>&nbsp;<\/p>\n<p>&nbsp;<\/p>\n<p style=\"text-align: justify;\">Manifestacija \u00bbJo\u017ee Ple\u010dnik, arhitekt\u00ab je organizirana ob 145-letnici rojstva in 60-letnici smrti velikega arhitekta, in sicer v skupni organizaciji Nacionalnega sveta slovenske narodne manj\u0161ine v Srbiji in Nacionalnega sveta \u010de\u0161ke narodne manj\u0161ine v Srbiji, v okviru protokola o medsebojnem sodelovanju.<\/p>\n<p style=\"text-align: justify;\">Jo\u017ee Ple\u010dnik, po rodu Slovenec, je ustvarjal \u0161irom Evrope in njegova arhitektura krasi mnoga mesta, med drugim Ljubljano, Prago in Beograd. Slovenija in \u010ce\u0161ka sta skupno nominirali Ple\u010dnikovo delo za UNESCO-v seznam svetovne kulturne zapu\u0161\u010dine, Nacionalna sveta slovenske in \u010de\u0161ke manj\u0161ine v Srbiji pa sta z manifestacijo \u017eelela njegovo delo pribli\u017eati beograjski publiki.<\/p>\n<p style=\"text-align: justify;\">Manifestacija je trajala dva dni \u2013 v Ustanovi kulture Parobrod (7. december) in v Cerkvi Sv. Antona Padovanskega (8. december).<\/p>\n<p style=\"text-align: justify;\">\u010cetrtkov program je obsegal predavanje Ane Kocjan, umetnostne zgodovinarke, o \u017eivljenju in delo J. Ple\u010dnika; \u010drtice iz \u017eivljenja J. Ple\u010dnika v Pragi, o katerih je govoril prof. dr. Jo\u017ee Siva\u010dek, predsednik NS \u010de\u0161ke narodne manj\u0161ine; in ogled filma \u201eGolijati sa Crvenog Krsta\u201c re\u017eiserke Olivere Pan\u010di\u0107. Po filmu je sledila otvoritev razstave plakatov, posve\u010dena delu J. Ple\u010dnika v Beogradu, k ista jo izdelala umetnika Marija Vauda in Nikola Pilipovi\u0107. Dogodek so s svojo prisotnostjo po\u010dastili\u00a0 Nj. ekselenca Vladimir Gaspari\u010d, veleposlanik Republike Slovenije v Republiki Srbiji, Nj. ekselenca Ivana Hlavsova, ambasadorka Republike \u010ce\u0161ke v Republiki Srbiji; in Nj. ekselenca Stanislav Ho\u010devar, beograjski nad\u0161kof. \u017divahnega in profesionalno izvedenega programa se je udele\u017eilo veliko \u0161tevilo obiskovalcev in predstavnikov medijev (RTV Slovenija, Politika itd.).<\/p>\n<p style=\"text-align: justify;\">V petek, 8. decembra ob 19.00, je potekal drugi del manifestacije v Cerkvi Sv. Antona Padovanskega, edinem objektu v Beogradu, ki je realiziran po projektu arhitekta Jo\u017eeta Ple\u010dnika. Izveden je bil naslednji program: Ekumenski kor je odpel tri pesmi (slovensko narodno, katoli\u0161ko in pravoslavno), Fra Ilija Aland\u017eak je predaval o gradnji cerkve, zatem pa je prof. Vi\u0161nja Dimitrijevi\u0107 izvedla tri kompozicije na orglah. Med krasnim koncertom smo se obiskovalci sprehajali po cerkvi in si ogledovali Ple\u010dnikova \u010dudovita dela.<\/p>\n<p style=\"text-align: justify;\">Utrinek, ki ga je o dogodku objavila RTV Slovenija, si lahko pogledate na naslednji povezavi: <a href=\"http:\/\/4d.rtvslo.si\/arhiv\/porocila\/174507680\">http:\/\/4d.rtvslo.si\/arhiv\/porocila\/174507680<\/a><\/p>\n<p style=\"text-align: justify;\">\n<p style=\"text-align: justify;\"><a href=\"https:\/\/slovenci.rs\/wp-content\/uploads\/2017\/12\/DSC9100.jpg\"><img loading=\"lazy\" decoding=\"async\" class=\"aligncenter size-medium wp-image-3358\" src=\"https:\/\/slovenci.rs\/wp-content\/uploads\/2017\/12\/DSC9100-300x200.jpg\" alt=\"_DSC9100\" width=\"300\" height=\"200\" srcset=\"https:\/\/slovenci.rs\/wp-content\/uploads\/2017\/12\/DSC9100-300x200.jpg 300w, https:\/\/slovenci.rs\/wp-content\/uploads\/2017\/12\/DSC9100-1024x682.jpg 1024w\" sizes=\"auto, (max-width: 300px) 100vw, 300px\" \/><\/a> <a href=\"https:\/\/slovenci.rs\/wp-content\/uploads\/2017\/12\/DSC9104.jpg\"><img loading=\"lazy\" decoding=\"async\" class=\"aligncenter size-medium wp-image-3359\" src=\"https:\/\/slovenci.rs\/wp-content\/uploads\/2017\/12\/DSC9104-300x200.jpg\" alt=\"_DSC9104\" width=\"300\" height=\"200\" srcset=\"https:\/\/slovenci.rs\/wp-content\/uploads\/2017\/12\/DSC9104-300x200.jpg 300w, https:\/\/slovenci.rs\/wp-content\/uploads\/2017\/12\/DSC9104-1024x682.jpg 1024w\" sizes=\"auto, (max-width: 300px) 100vw, 300px\" \/><\/a><\/p>","protected":false},"excerpt":{"rendered":"<p>&nbsp; &nbsp; Manifestacija \u00bbJo\u017ee Ple\u010dnik, arhitekt\u00ab je organizirana ob 145-letnici rojstva in 60-letnici smrti velikega arhitekta, in sicer v skupni organizaciji Nacionalnega sveta slovenske narodne manj\u0161ine v Srbiji in Nacionalnega sveta \u010de\u0161ke narodne manj\u0161ine v Srbiji, v okviru protokola o medsebojnem sodelovanju. Jo\u017ee Ple\u010dnik, po rodu Slovenec, je ustvarjal \u0161irom Evrope in njegova arhitektura krasi [&hellip;]<\/p>\n","protected":false},"author":1,"featured_media":0,"comment_status":"closed","ping_status":"closed","sticky":false,"template":"","format":"standard","meta":{"footnotes":""},"categories":[1],"tags":[],"class_list":["post-3355","post","type-post","status-publish","format-standard","hentry","category-uncategorized"],"_links":{"self":[{"href":"https:\/\/slovenci.rs\/sl\/wp-json\/wp\/v2\/posts\/3355","targetHints":{"allow":["GET"]}}],"collection":[{"href":"https:\/\/slovenci.rs\/sl\/wp-json\/wp\/v2\/posts"}],"about":[{"href":"https:\/\/slovenci.rs\/sl\/wp-json\/wp\/v2\/types\/post"}],"author":[{"embeddable":true,"href":"https:\/\/slovenci.rs\/sl\/wp-json\/wp\/v2\/users\/1"}],"replies":[{"embeddable":true,"href":"https:\/\/slovenci.rs\/sl\/wp-json\/wp\/v2\/comments?post=3355"}],"version-history":[{"count":3,"href":"https:\/\/slovenci.rs\/sl\/wp-json\/wp\/v2\/posts\/3355\/revisions"}],"predecessor-version":[{"id":3360,"href":"https:\/\/slovenci.rs\/sl\/wp-json\/wp\/v2\/posts\/3355\/revisions\/3360"}],"wp:attachment":[{"href":"https:\/\/slovenci.rs\/sl\/wp-json\/wp\/v2\/media?parent=3355"}],"wp:term":[{"taxonomy":"category","embeddable":true,"href":"https:\/\/slovenci.rs\/sl\/wp-json\/wp\/v2\/categories?post=3355"},{"taxonomy":"post_tag","embeddable":true,"href":"https:\/\/slovenci.rs\/sl\/wp-json\/wp\/v2\/tags?post=3355"}],"curies":[{"name":"wp","href":"https:\/\/api.w.org\/{rel}","templated":true}]}}