{"id":3362,"date":"2018-01-15T13:01:23","date_gmt":"2018-01-15T12:01:23","guid":{"rendered":"https:\/\/slovenci.rs\/?p=3362"},"modified":"2018-01-15T13:02:51","modified_gmt":"2018-01-15T12:02:51","slug":"obisk-ministra-zmavca-v-beogradu","status":"publish","type":"post","link":"https:\/\/slovenci.rs\/sl\/obisk-ministra-zmavca-v-beogradu\/","title":{"rendered":"OBISK MINISTRA \u017dMAVCA V BEOGRADU"},"content":{"rendered":"<p style=\"text-align: justify;\">V petek, 12. januarja 2018, je minister za Slovence v zamejstvu in po svetu Gorazd \u017dmavc obiskal Nacionalni svet slovenske narodne manj\u0161ine in Dru\u0161tvo Slovencev v Beogradu \u2013 Dru\u0161tvo Sava, kot odziv na vabilo predsednika Nacionalnega sveta Sa\u0161e Verbi\u010da.<\/p>\n<p style=\"text-align: justify;\">Delovnega sestanka sta se udele\u017eila \u0161e Dragomir Zupanc, predsednik Odbora za kulturo NS, in prof. dr. Maja \u0110ukanovi\u0107, predsednica Odbora za izobra\u017eevanje NS.<\/p>\n<p style=\"text-align: justify;\">Predsednik NS Sa\u0161a Verbi\u010d je ministra \u017dmavca seznanil z dejavnostmi in dobrimi praksami delovanja slovenske manj\u0161inske skupnosti v Srbiji v letu 2017. Pri tem je bil poseben poudarek na: postopku uvajanja slovenskega jezika v \u0161olski sistem Srbije; skupnem projektu Nacionalnega sveta slovenske narodne manj\u0161ine in Nacionalnega sveta \u010de\u0161ke narodne manjine v Srbiji \u00bbJo\u017ee Ple\u010dnik &#8211; arhitekt\u00ab, ob obletnici rojstva in smrti tega izjemnega arhitekta; ter na projektih \u00bbDnevi slovenskega filma\u00ab, \u00bbZnameniti Slovenci v Beogradu\u00ab in \u00bbSlovenika \u2013 \u010dasopis za kulturo, znanost in izobra\u017eevanje\u00ab. Sa\u0161a Verbi\u010d je ministru poklonil najnovej\u0161o, tretjo \u0161tevilko \u010dasopisa \u00bbSlovenika\u00ab.<\/p>\n<p style=\"text-align: justify;\">V kontekstu na\u010drtov za prihodnji razvoj in delovanje slovenske skupnosti je g. Verbi\u010d omenil idejo o ustanovitvi kulturnega centra slovenskega jezika in kulture v Srbiji, ki je utemeljena v Strategiji za izbolj\u0161anje polo\u017eaja slovenske narodne manj\u0161ine v Srbiji<\/p>","protected":false},"excerpt":{"rendered":"<p>V petek, 12. januarja 2018, je minister za Slovence v zamejstvu in po svetu Gorazd \u017dmavc obiskal Nacionalni svet slovenske narodne manj\u0161ine in Dru\u0161tvo Slovencev v Beogradu \u2013 Dru\u0161tvo Sava, kot odziv na vabilo predsednika Nacionalnega sveta Sa\u0161e Verbi\u010da. Delovnega sestanka sta se udele\u017eila \u0161e Dragomir Zupanc, predsednik Odbora za kulturo NS, in prof. dr. [&hellip;]<\/p>\n","protected":false},"author":1,"featured_media":0,"comment_status":"closed","ping_status":"closed","sticky":false,"template":"","format":"standard","meta":{"footnotes":""},"categories":[1],"tags":[],"class_list":["post-3362","post","type-post","status-publish","format-standard","hentry","category-uncategorized"],"_links":{"self":[{"href":"https:\/\/slovenci.rs\/sl\/wp-json\/wp\/v2\/posts\/3362","targetHints":{"allow":["GET"]}}],"collection":[{"href":"https:\/\/slovenci.rs\/sl\/wp-json\/wp\/v2\/posts"}],"about":[{"href":"https:\/\/slovenci.rs\/sl\/wp-json\/wp\/v2\/types\/post"}],"author":[{"embeddable":true,"href":"https:\/\/slovenci.rs\/sl\/wp-json\/wp\/v2\/users\/1"}],"replies":[{"embeddable":true,"href":"https:\/\/slovenci.rs\/sl\/wp-json\/wp\/v2\/comments?post=3362"}],"version-history":[{"count":2,"href":"https:\/\/slovenci.rs\/sl\/wp-json\/wp\/v2\/posts\/3362\/revisions"}],"predecessor-version":[{"id":3364,"href":"https:\/\/slovenci.rs\/sl\/wp-json\/wp\/v2\/posts\/3362\/revisions\/3364"}],"wp:attachment":[{"href":"https:\/\/slovenci.rs\/sl\/wp-json\/wp\/v2\/media?parent=3362"}],"wp:term":[{"taxonomy":"category","embeddable":true,"href":"https:\/\/slovenci.rs\/sl\/wp-json\/wp\/v2\/categories?post=3362"},{"taxonomy":"post_tag","embeddable":true,"href":"https:\/\/slovenci.rs\/sl\/wp-json\/wp\/v2\/tags?post=3362"}],"curies":[{"name":"wp","href":"https:\/\/api.w.org\/{rel}","templated":true}]}}