{"id":3444,"date":"2018-01-18T14:01:27","date_gmt":"2018-01-18T13:01:27","guid":{"rendered":"https:\/\/slovenci.rs\/?p=3444"},"modified":"2018-01-18T14:01:27","modified_gmt":"2018-01-18T13:01:27","slug":"joze-plecnik-jedinstveni-intervju-z-umetnostno-zgodovinarko-ano-kocjan","status":"publish","type":"post","link":"https:\/\/slovenci.rs\/sl\/joze-plecnik-jedinstveni-intervju-z-umetnostno-zgodovinarko-ano-kocjan\/","title":{"rendered":"\u00bbJO\u017dE PLE\u010cNIK \u2013 JEDINSTVENI\u00ab, INTERVJU Z UMETNOSTNO ZGODOVINARKO ANO KOCJAN"},"content":{"rendered":"<p style=\"text-align: justify;\">\n<p style=\"text-align: justify;\"><span lang=\"SL\">Intervju z Ano Kocjan, umetnostno zgodovinarko, veliko poznavalko Jo\u017eeta Ple\u010dnika, \u010dlanico in podpredsednico Odbora za kulturo Nacionalnega sveta slovenske narodne manj\u0161ine, ki ga je za portal \u00bbLepota \u017eivota\u00ab opravila gospa Majda Siko\u0161ek, je nastal ob razstavi in manifestaciji \u00bbJo\u017ee Ple\u010dnik \u2013 arhitekt\u00ab NS slovenske in NS \u010de\u0161ke narodne manj\u0161ine. Informacijsko iz\u010drpen, vsebinsko bogat in z ljubeznijo do arhitekture pre\u017eet intervju si lahko preberete na:\u00a0<\/span><span lang=\"SR-CYRL-RS\"><a href=\"http:\/\/lepotazivota.rs\/joze-plecnik-jedinstveni\" target=\"_blank\" data-saferedirecturl=\"https:\/\/www.google.com\/url?hl=en&amp;q=http:\/\/lepotazivota.rs\/joze-plecnik-jedinstveni&amp;source=gmail&amp;ust=1516366724115000&amp;usg=AFQjCNHKSeLu8ulUXeASsTgow-rooFWOIA\">http:\/\/lepotazivota.rs\/joze-<wbr \/>plecnik-jedinstveni<\/a><\/span><\/p>","protected":false},"excerpt":{"rendered":"<p>Intervju z Ano Kocjan, umetnostno zgodovinarko, veliko poznavalko Jo\u017eeta Ple\u010dnika, \u010dlanico in podpredsednico Odbora za kulturo Nacionalnega sveta slovenske narodne manj\u0161ine, ki ga je za portal \u00bbLepota \u017eivota\u00ab opravila gospa Majda Siko\u0161ek, je nastal ob razstavi in manifestaciji \u00bbJo\u017ee Ple\u010dnik \u2013 arhitekt\u00ab NS slovenske in NS \u010de\u0161ke narodne manj\u0161ine. Informacijsko iz\u010drpen, vsebinsko bogat in z [&hellip;]<\/p>\n","protected":false},"author":1,"featured_media":0,"comment_status":"closed","ping_status":"closed","sticky":false,"template":"","format":"standard","meta":{"footnotes":""},"categories":[1],"tags":[],"class_list":["post-3444","post","type-post","status-publish","format-standard","hentry","category-uncategorized"],"_links":{"self":[{"href":"https:\/\/slovenci.rs\/sl\/wp-json\/wp\/v2\/posts\/3444","targetHints":{"allow":["GET"]}}],"collection":[{"href":"https:\/\/slovenci.rs\/sl\/wp-json\/wp\/v2\/posts"}],"about":[{"href":"https:\/\/slovenci.rs\/sl\/wp-json\/wp\/v2\/types\/post"}],"author":[{"embeddable":true,"href":"https:\/\/slovenci.rs\/sl\/wp-json\/wp\/v2\/users\/1"}],"replies":[{"embeddable":true,"href":"https:\/\/slovenci.rs\/sl\/wp-json\/wp\/v2\/comments?post=3444"}],"version-history":[{"count":1,"href":"https:\/\/slovenci.rs\/sl\/wp-json\/wp\/v2\/posts\/3444\/revisions"}],"predecessor-version":[{"id":3445,"href":"https:\/\/slovenci.rs\/sl\/wp-json\/wp\/v2\/posts\/3444\/revisions\/3445"}],"wp:attachment":[{"href":"https:\/\/slovenci.rs\/sl\/wp-json\/wp\/v2\/media?parent=3444"}],"wp:term":[{"taxonomy":"category","embeddable":true,"href":"https:\/\/slovenci.rs\/sl\/wp-json\/wp\/v2\/categories?post=3444"},{"taxonomy":"post_tag","embeddable":true,"href":"https:\/\/slovenci.rs\/sl\/wp-json\/wp\/v2\/tags?post=3444"}],"curies":[{"name":"wp","href":"https:\/\/api.w.org\/{rel}","templated":true}]}}