{"id":3543,"date":"2018-02-14T23:32:38","date_gmt":"2018-02-14T22:32:38","guid":{"rendered":"https:\/\/slovenci.rs\/?p=3543"},"modified":"2018-02-14T23:33:06","modified_gmt":"2018-02-14T22:33:06","slug":"sestanek-koordinacije-nacionalnih-svetov-narodnih-manjsin-v-republiki-srbiji","status":"publish","type":"post","link":"https:\/\/slovenci.rs\/sl\/sestanek-koordinacije-nacionalnih-svetov-narodnih-manjsin-v-republiki-srbiji\/","title":{"rendered":"SESTANEK KOORDINACIJE NACIONALNIH SVETOV NARODNIH MANJ\u0160IN V REPUBLIKI SRBIJI"},"content":{"rendered":"<p>&nbsp;<\/p>\n<p style=\"font-weight: 400; text-align: justify;\">V sredo,\u00a0<strong>7. 2. 2018<\/strong>, je predsednik Nacionalnega sveta mad\u017earske narodne manj\u0161ine, gospod Jene Hajnal, sklical sejo Koordinacije nacionalnih svetov narodnih manj\u0161in Republike Srbije.<\/p>\n<p style=\"font-weight: 400; text-align: justify;\">Seja je potekala v Palati Srbija, kamor so bili povabljeni\u00a0<strong>predstavniki narodnih manj\u0161in v Srbiji<\/strong>. Slovensko narodno manj\u0161ino je zastopal predsednik\u00a0<strong>Sa\u0161a Verbi\u010d<\/strong>. Osrednja tema sestanka je bila\u00a0<strong>zastopanost narodnih manj\u0161in v javnem sektorju in javnih podjetjih<\/strong>. Dnevni red je tako obsegal: Prikaz skupnega projekta Centra za raziskovanje etni\u010dnosti, Ministrstva Dr\u017eavne uprave in lokalne samouprave in Koordinacije nacionalnih svetov narodnih manj\u0161in z naslovom \u00bbDelotvorna zastupljenost nacionalnih manjina u radu organa javne vlasti i javnih slu\u017ebi\u00ab; Potrjevanje zapisnika s predhodne seje; Razprava o temah s podro\u010dja izobra\u017eevanja; Aktualna vpra\u0161anja.<\/p>\n<p style=\"font-weight: 400; text-align: justify;\">V prilogi objavljamo Zapisnik, ki ga je pripravila Koordinacija NSNM<\/p>\n<p style=\"font-weight: 400; text-align: justify;\">\n<p style=\"font-weight: 400; text-align: justify;\"><a href=\"https:\/\/slovenci.rs\/wp-content\/uploads\/2018\/02\/Zapisnik-Koordinacije-07februara2018-Beograd.pdf\">Zapisnik Koordinacije 07februara2018 Beograd<\/a><\/p>","protected":false},"excerpt":{"rendered":"<p>&nbsp; V sredo,\u00a07. 2. 2018, je predsednik Nacionalnega sveta mad\u017earske narodne manj\u0161ine, gospod Jene Hajnal, sklical sejo Koordinacije nacionalnih svetov narodnih manj\u0161in Republike Srbije. Seja je potekala v Palati Srbija, kamor so bili povabljeni\u00a0predstavniki narodnih manj\u0161in v Srbiji. Slovensko narodno manj\u0161ino je zastopal predsednik\u00a0Sa\u0161a Verbi\u010d. Osrednja tema sestanka je bila\u00a0zastopanost narodnih manj\u0161in v javnem sektorju [&hellip;]<\/p>\n","protected":false},"author":1,"featured_media":0,"comment_status":"closed","ping_status":"closed","sticky":false,"template":"","format":"standard","meta":{"footnotes":""},"categories":[1],"tags":[],"class_list":["post-3543","post","type-post","status-publish","format-standard","hentry","category-uncategorized"],"_links":{"self":[{"href":"https:\/\/slovenci.rs\/sl\/wp-json\/wp\/v2\/posts\/3543","targetHints":{"allow":["GET"]}}],"collection":[{"href":"https:\/\/slovenci.rs\/sl\/wp-json\/wp\/v2\/posts"}],"about":[{"href":"https:\/\/slovenci.rs\/sl\/wp-json\/wp\/v2\/types\/post"}],"author":[{"embeddable":true,"href":"https:\/\/slovenci.rs\/sl\/wp-json\/wp\/v2\/users\/1"}],"replies":[{"embeddable":true,"href":"https:\/\/slovenci.rs\/sl\/wp-json\/wp\/v2\/comments?post=3543"}],"version-history":[{"count":2,"href":"https:\/\/slovenci.rs\/sl\/wp-json\/wp\/v2\/posts\/3543\/revisions"}],"predecessor-version":[{"id":3546,"href":"https:\/\/slovenci.rs\/sl\/wp-json\/wp\/v2\/posts\/3543\/revisions\/3546"}],"wp:attachment":[{"href":"https:\/\/slovenci.rs\/sl\/wp-json\/wp\/v2\/media?parent=3543"}],"wp:term":[{"taxonomy":"category","embeddable":true,"href":"https:\/\/slovenci.rs\/sl\/wp-json\/wp\/v2\/categories?post=3543"},{"taxonomy":"post_tag","embeddable":true,"href":"https:\/\/slovenci.rs\/sl\/wp-json\/wp\/v2\/tags?post=3543"}],"curies":[{"name":"wp","href":"https:\/\/api.w.org\/{rel}","templated":true}]}}