{"id":3547,"date":"2018-02-14T23:34:40","date_gmt":"2018-02-14T22:34:40","guid":{"rendered":"https:\/\/slovenci.rs\/?p=3547"},"modified":"2018-02-14T23:35:50","modified_gmt":"2018-02-14T22:35:50","slug":"promocija-casopisa-slovenika-ob-slovenskem-kulturnem-dnevu-v-beogradu","status":"publish","type":"post","link":"https:\/\/slovenci.rs\/sl\/promocija-casopisa-slovenika-ob-slovenskem-kulturnem-dnevu-v-beogradu\/","title":{"rendered":"PROMOCIJA \u010cASOPISA SLOVENIKA OB SLOVENSKEM KULTURNEM DNEVU V BEOGRADU"},"content":{"rendered":"<p>&nbsp;<\/p>\n<p style=\"text-align: justify;\">V prostorih beograjskega Dru\u0161va Sava, oziroma Nacionalnega sveta slovenske manj\u0161ine, smo Kulturni praznik zaznamovali s promocijo nove, tretje \u0161tevilke znanstvenega \u010dasopisa Slovenika, katerega zalo\u017enika sta Filolo\u0161ka fakulteta Univerze v Beogradu in Nacionalni svet slovenske manj\u0161ine v Srbiji.<\/p>\n<p style=\"text-align: justify;\">O Sloveniki so pred \u0161tevilnim ob\u010dinstvom navdihnjeno govorile prof. dr. Vesna Polovina (Filolo\u0161ka fakulteta v Beogradu), urednica temata dr Jadranka \u0110or\u0111evi\u0107 Crnobrnja (Etnografski in\u0161titut SANU) ter glavni urednici, Biljana Milenkovi\u0107 Vukovi\u0107 (Etnografski intitut SANU) in prof. dr. Maja \u0110ukanovi\u0107 (Filolo\u0161ka fakulteta v Beogradu), sicer tudi aktivni \u010dlanici slovenske manj\u0161ine v Srbiji.<\/p>\n<p style=\"text-align: justify;\">Po pozdravnih besedah predsednika Dru\u0161tva in Nacionalnega sveta slovenske manj\u0161ine, Sa\u0161a Verbi\u010da, je predstavljeno mednarodno uredni\u0161tvo in svet, v katerih so tudi uveljavljene strokovnjakinje iz Slovenije.<\/p>\n<p style=\"text-align: justify;\">V predstavitvah je bilo poudarjeno, da so k pisanju povabljeni tudi mladi slovenisti in vsi, ki se ukvarjajo z izseljenstvom in izseljenci v naj\u0161ir\u0161em pomenu, z mo\u010dno \u017eeljo, da bi spremenili stereotipno dojemanje dijaspore. Namre\u010d, med Slovenci po svetu je, kot se zdanja leta opa\u017ea tudi v sami Sloveniji, marsikateri uveljavljeni strokovnjak, znanstvenik, umetnik, oseba, ki je pomembno vplivala in vpliva na \u017eivljenje, kulturo, znanost v de\u017eeli, kjer dela in ustvarja.<\/p>\n<p style=\"text-align: justify;\">Uredni\u0161tvo upa, da bo spodbudilo mentorje in \u0161tudente na razli\u010dnih ravneh \u0161tudija, da se lotijo tem in vpra\u0161anj, s katerimi bodo razsvetlili delo Slovencev v Srbiji in drugje po svetu, in njihovo mesto ter vpliv na znanost in umetnost dr\u017eave v kateri \u017eivijo in delajo, posebna pohvala pa velja mladim beograjskim slovenistom, ki so svoje prispevke \u017ee objavili v prej\u0161njih \u0161tevilkah.<\/p>\n<p style=\"text-align: justify;\">Velja opozoriti na naslovnice z motivom pe\u0161\u010dene ure, ki jih je oblikovala akademska slikarka Marija Vauda, simbolizirajo prelivanja energije in simbioze med dvema kulturama ter nepretrganega poteka zgodovinskega, duhovnega in intimnega \u010dasa njunih predstavnikov, simboli\u010dno opozarjajo\u010d na razli\u010dne zorne kote pripadnikov obeh kultur.<\/p>\n<p style=\"text-align: justify;\">Sloveniko beremo na spletnem naslovu <a href=\"https:\/\/slovenci.rs\/sl\/slovenika\/\">https:\/\/slovenci.rs\/slovenika\/<\/a>, o predstavitvi druge \u0161tevilke Slovenike v Pre\u0161ernovi dvorani SAZU v Ljubljani na <a href=\"https:\/\/slovenci.rs\/sl\/predstavitev-casopisa-slovenika-slovenske-narodne-manjsine-v-srbiji\/#more-3299\">https:\/\/slovenci.rs\/predstavitev-casopisa-slovenika-slovenske-narodne-manjsine-v-srbiji\/#more-3299<\/a> in o promociji prve \u0161tevilke v Beogradu na naslovu <a href=\"https:\/\/slovenci.rs\/sl\/promocija-slovenike-kulturno-naucnog-casopisa-slovenaca-u-srbiji\/#more-2879\">https:\/\/slovenci.rs\/promocija-slovenike-kulturno-naucnog-casopisa-slovenaca-u-srbiji\/#more-2879<\/a>.<\/p>\n<p style=\"text-align: justify;\">Maja \u0110ukanovi\u0107<\/p>\n<p style=\"text-align: justify;\">\n<p style=\"text-align: justify;\"><a href=\"https:\/\/slovenci.rs\/wp-content\/uploads\/2018\/02\/Promocija-Slovenike-v-Beogradu.jpg\"><img loading=\"lazy\" decoding=\"async\" class=\"aligncenter size-medium wp-image-3549\" src=\"https:\/\/slovenci.rs\/wp-content\/uploads\/2018\/02\/Promocija-Slovenike-v-Beogradu-300x200.jpg\" alt=\"Promocija Slovenike v Beogradu\" width=\"300\" height=\"200\" srcset=\"https:\/\/slovenci.rs\/wp-content\/uploads\/2018\/02\/Promocija-Slovenike-v-Beogradu-300x200.jpg 300w, https:\/\/slovenci.rs\/wp-content\/uploads\/2018\/02\/Promocija-Slovenike-v-Beogradu-1024x682.jpg 1024w, https:\/\/slovenci.rs\/wp-content\/uploads\/2018\/02\/Promocija-Slovenike-v-Beogradu.jpg 1600w\" sizes=\"auto, (max-width: 300px) 100vw, 300px\" \/><\/a> <a href=\"https:\/\/slovenci.rs\/wp-content\/uploads\/2018\/02\/Promocija-Slovenike-_-ob\u010dinstvo.jpg\"><img loading=\"lazy\" decoding=\"async\" class=\"aligncenter size-medium wp-image-3550\" src=\"https:\/\/slovenci.rs\/wp-content\/uploads\/2018\/02\/Promocija-Slovenike-_-ob\u010dinstvo-300x200.jpg\" alt=\"Promocija Slovenike _ ob\u010dinstvo\" width=\"300\" height=\"200\" srcset=\"https:\/\/slovenci.rs\/wp-content\/uploads\/2018\/02\/Promocija-Slovenike-_-ob\u010dinstvo-300x200.jpg 300w, https:\/\/slovenci.rs\/wp-content\/uploads\/2018\/02\/Promocija-Slovenike-_-ob\u010dinstvo-1024x682.jpg 1024w, https:\/\/slovenci.rs\/wp-content\/uploads\/2018\/02\/Promocija-Slovenike-_-ob\u010dinstvo.jpg 1600w\" sizes=\"auto, (max-width: 300px) 100vw, 300px\" \/><\/a> <a href=\"https:\/\/slovenci.rs\/wp-content\/uploads\/2018\/02\/korica-Slovenika-III-naslovna-205x300.jpg\"><img loading=\"lazy\" decoding=\"async\" class=\"aligncenter size-medium wp-image-3551\" src=\"https:\/\/slovenci.rs\/wp-content\/uploads\/2018\/02\/korica-Slovenika-III-naslovna-205x300.jpg\" alt=\"korica-Slovenika-III-naslovna-205x300\" width=\"205\" height=\"300\" \/><\/a><\/p>","protected":false},"excerpt":{"rendered":"<p>&nbsp; V prostorih beograjskega Dru\u0161va Sava, oziroma Nacionalnega sveta slovenske manj\u0161ine, smo Kulturni praznik zaznamovali s promocijo nove, tretje \u0161tevilke znanstvenega \u010dasopisa Slovenika, katerega zalo\u017enika sta Filolo\u0161ka fakulteta Univerze v Beogradu in Nacionalni svet slovenske manj\u0161ine v Srbiji. O Sloveniki so pred \u0161tevilnim ob\u010dinstvom navdihnjeno govorile prof. dr. Vesna Polovina (Filolo\u0161ka fakulteta v Beogradu), urednica [&hellip;]<\/p>\n","protected":false},"author":1,"featured_media":0,"comment_status":"closed","ping_status":"closed","sticky":false,"template":"","format":"standard","meta":{"footnotes":""},"categories":[1],"tags":[],"class_list":["post-3547","post","type-post","status-publish","format-standard","hentry","category-uncategorized"],"_links":{"self":[{"href":"https:\/\/slovenci.rs\/sl\/wp-json\/wp\/v2\/posts\/3547","targetHints":{"allow":["GET"]}}],"collection":[{"href":"https:\/\/slovenci.rs\/sl\/wp-json\/wp\/v2\/posts"}],"about":[{"href":"https:\/\/slovenci.rs\/sl\/wp-json\/wp\/v2\/types\/post"}],"author":[{"embeddable":true,"href":"https:\/\/slovenci.rs\/sl\/wp-json\/wp\/v2\/users\/1"}],"replies":[{"embeddable":true,"href":"https:\/\/slovenci.rs\/sl\/wp-json\/wp\/v2\/comments?post=3547"}],"version-history":[{"count":3,"href":"https:\/\/slovenci.rs\/sl\/wp-json\/wp\/v2\/posts\/3547\/revisions"}],"predecessor-version":[{"id":3553,"href":"https:\/\/slovenci.rs\/sl\/wp-json\/wp\/v2\/posts\/3547\/revisions\/3553"}],"wp:attachment":[{"href":"https:\/\/slovenci.rs\/sl\/wp-json\/wp\/v2\/media?parent=3547"}],"wp:term":[{"taxonomy":"category","embeddable":true,"href":"https:\/\/slovenci.rs\/sl\/wp-json\/wp\/v2\/categories?post=3547"},{"taxonomy":"post_tag","embeddable":true,"href":"https:\/\/slovenci.rs\/sl\/wp-json\/wp\/v2\/tags?post=3547"}],"curies":[{"name":"wp","href":"https:\/\/api.w.org\/{rel}","templated":true}]}}