{"id":3605,"date":"2018-03-23T11:09:46","date_gmt":"2018-03-23T10:09:46","guid":{"rendered":"https:\/\/slovenci.rs\/?p=3605"},"modified":"2018-03-23T11:09:46","modified_gmt":"2018-03-23T10:09:46","slug":"literarni-natecaj-skodelica-kave","status":"publish","type":"post","link":"https:\/\/slovenci.rs\/sl\/literarni-natecaj-skodelica-kave\/","title":{"rendered":"LITERARNI NATE\u010cAJ &#8222;SKODELICA KAVE&#8220;"},"content":{"rendered":"<p>&nbsp;<\/p>\n<div style=\"text-align: justify;\">DRU\u0160TVO SLOVENCEV KREDARICA Novi Sad vas ob 100-letnici smrti velikana slovenske proze\u00a0<b>Ivana Cankarja<\/b>\u00a0vabi k sodelovanju na literarnem nate\u010daju z naslovom &#8222;SKODELICA KAVE&#8220;.<\/div>\n<div style=\"text-align: justify;\"><\/div>\n<div style=\"text-align: justify;\">Namen nate\u010daja je\u00a0negovanje slovenskega jezika, kulture in tradicije ter vzpodbujanje\u00a0<b>pisne\u00a0<\/b>ustvarjalno<wbr \/>sti pri u\u010dencih DPS in \u010dlanih slovenskih dru\u0161tev v Srbiji.<\/div>\n<div style=\"text-align: justify;\"><\/div>\n<div style=\"text-align: justify;\">Besedilo razpisa si lahko pogledate v priponki.<\/div>\n<div style=\"text-align: justify;\">Ostaja le \u0161e, da si skuhate skodelico di\u0161e\u010de kave, o\u0161ilite svin\u010dnik in se prepustite domi\u0161ljiji<\/div>\n<div style=\"text-align: justify;\"><\/div>\n<div style=\"text-align: justify;\"><a href=\"https:\/\/slovenci.rs\/wp-content\/uploads\/2018\/03\/skodelica-kave.jpg\"><img loading=\"lazy\" decoding=\"async\" class=\"aligncenter size-medium wp-image-3606\" src=\"https:\/\/slovenci.rs\/wp-content\/uploads\/2018\/03\/skodelica-kave-300x225.jpg\" alt=\"skodelica kave\" width=\"300\" height=\"225\" srcset=\"https:\/\/slovenci.rs\/wp-content\/uploads\/2018\/03\/skodelica-kave-300x225.jpg 300w, https:\/\/slovenci.rs\/wp-content\/uploads\/2018\/03\/skodelica-kave-1024x768.jpg 1024w\" sizes=\"auto, (max-width: 300px) 100vw, 300px\" \/><\/a><\/div>\n<div style=\"text-align: justify;\"><\/div>\n<div style=\"text-align: center;\"><a href=\"https:\/\/slovenci.rs\/wp-content\/uploads\/2018\/03\/LITERARNI-NATECAJ-SKODELICA-KAVE.docx\">LITERARNI NATECAJ SKODELICA KAVE<\/a><\/div>","protected":false},"excerpt":{"rendered":"<p>&nbsp; DRU\u0160TVO SLOVENCEV KREDARICA Novi Sad vas ob 100-letnici smrti velikana slovenske proze\u00a0Ivana Cankarja\u00a0vabi k sodelovanju na literarnem nate\u010daju z naslovom &#8222;SKODELICA KAVE&#8220;. Namen nate\u010daja je\u00a0negovanje slovenskega jezika, kulture in tradicije ter vzpodbujanje\u00a0pisne\u00a0ustvarjalnosti pri u\u010dencih DPS in \u010dlanih slovenskih dru\u0161tev v Srbiji. Besedilo razpisa si lahko pogledate v priponki. Ostaja le \u0161e, da si skuhate [&hellip;]<\/p>\n","protected":false},"author":1,"featured_media":0,"comment_status":"closed","ping_status":"closed","sticky":false,"template":"","format":"standard","meta":{"footnotes":""},"categories":[1],"tags":[],"class_list":["post-3605","post","type-post","status-publish","format-standard","hentry","category-uncategorized"],"_links":{"self":[{"href":"https:\/\/slovenci.rs\/sl\/wp-json\/wp\/v2\/posts\/3605","targetHints":{"allow":["GET"]}}],"collection":[{"href":"https:\/\/slovenci.rs\/sl\/wp-json\/wp\/v2\/posts"}],"about":[{"href":"https:\/\/slovenci.rs\/sl\/wp-json\/wp\/v2\/types\/post"}],"author":[{"embeddable":true,"href":"https:\/\/slovenci.rs\/sl\/wp-json\/wp\/v2\/users\/1"}],"replies":[{"embeddable":true,"href":"https:\/\/slovenci.rs\/sl\/wp-json\/wp\/v2\/comments?post=3605"}],"version-history":[{"count":1,"href":"https:\/\/slovenci.rs\/sl\/wp-json\/wp\/v2\/posts\/3605\/revisions"}],"predecessor-version":[{"id":3608,"href":"https:\/\/slovenci.rs\/sl\/wp-json\/wp\/v2\/posts\/3605\/revisions\/3608"}],"wp:attachment":[{"href":"https:\/\/slovenci.rs\/sl\/wp-json\/wp\/v2\/media?parent=3605"}],"wp:term":[{"taxonomy":"category","embeddable":true,"href":"https:\/\/slovenci.rs\/sl\/wp-json\/wp\/v2\/categories?post=3605"},{"taxonomy":"post_tag","embeddable":true,"href":"https:\/\/slovenci.rs\/sl\/wp-json\/wp\/v2\/tags?post=3605"}],"curies":[{"name":"wp","href":"https:\/\/api.w.org\/{rel}","templated":true}]}}