{"id":3653,"date":"2018-05-14T22:50:18","date_gmt":"2018-05-14T20:50:18","guid":{"rendered":"https:\/\/slovenci.rs\/?p=3653"},"modified":"2018-05-14T22:50:51","modified_gmt":"2018-05-14T20:50:51","slug":"obvestilo-o-seji-koordinacije-nacionalnih-svetov-narodnih-manjsin","status":"publish","type":"post","link":"https:\/\/slovenci.rs\/sl\/obvestilo-o-seji-koordinacije-nacionalnih-svetov-narodnih-manjsin\/","title":{"rendered":"Obvestilo o SEJI KOORDINACIJE NACIONALNIH SVETOV NARODNIH MANJ\u0160IN"},"content":{"rendered":"<p>&nbsp;<\/p>\n<p style=\"font-weight: 400; text-align: justify;\">V Palati Srbija je 10. 5. 2018 potekala seja Koordinacije nacionalnih svetov narodnim manj\u0161in, v cilju doseganja soglasja o skupnih izhodi\u0161\u010dih za nastop na seji Sveta Vlade Republike Srbije za narodne manj\u0161ine. Seji so prisostvovali predstavniki 20-ih (od skupaj 21) Nacionalnih svetov. NS slovenske narodne manj\u0161ine je predstavljal predsednik Sa\u0161a Verbi\u010d.<\/p>\n<p style=\"font-weight: 400; text-align: justify;\">Sejo je vodil predsednik Koordinacije Jene Hajnal, predsednik Nacionalnega sveta mad\u017earske narodne manj\u0161ine.<\/p>\n<p style=\"font-weight: 400; text-align: justify;\">Oblikovana so skupna izhodi\u0161\u010da glede predlogov v zvezi z javno razpravo o \u201eNacrtu Zakona o izmenama i dopunama Zakona o Nacionalnim savetima nacionalnih manjina\u201c, formirana v 7 najpomembnej\u0161ih to\u010dk (glej \u201ePodsetnik sa sednice Koordinacije NS, z dne 7.2.2018\u201c v prilogi)<\/p>\n<p style=\"font-weight: 400; text-align: justify;\">\n<p style=\"font-weight: 400; text-align: justify;\"><a href=\"https:\/\/slovenci.rs\/wp-content\/uploads\/2018\/05\/Podsetnik-sa-sednice-Koordinacije-7.-februar-2018..docx\">Podsetnik sa sednice Koordinacije, 7. februar 2018.<\/a><\/p>","protected":false},"excerpt":{"rendered":"<p>&nbsp; V Palati Srbija je 10. 5. 2018 potekala seja Koordinacije nacionalnih svetov narodnim manj\u0161in, v cilju doseganja soglasja o skupnih izhodi\u0161\u010dih za nastop na seji Sveta Vlade Republike Srbije za narodne manj\u0161ine. Seji so prisostvovali predstavniki 20-ih (od skupaj 21) Nacionalnih svetov. NS slovenske narodne manj\u0161ine je predstavljal predsednik Sa\u0161a Verbi\u010d. Sejo je vodil [&hellip;]<\/p>\n","protected":false},"author":1,"featured_media":0,"comment_status":"closed","ping_status":"closed","sticky":false,"template":"","format":"standard","meta":{"footnotes":""},"categories":[1],"tags":[],"class_list":["post-3653","post","type-post","status-publish","format-standard","hentry","category-uncategorized"],"_links":{"self":[{"href":"https:\/\/slovenci.rs\/sl\/wp-json\/wp\/v2\/posts\/3653","targetHints":{"allow":["GET"]}}],"collection":[{"href":"https:\/\/slovenci.rs\/sl\/wp-json\/wp\/v2\/posts"}],"about":[{"href":"https:\/\/slovenci.rs\/sl\/wp-json\/wp\/v2\/types\/post"}],"author":[{"embeddable":true,"href":"https:\/\/slovenci.rs\/sl\/wp-json\/wp\/v2\/users\/1"}],"replies":[{"embeddable":true,"href":"https:\/\/slovenci.rs\/sl\/wp-json\/wp\/v2\/comments?post=3653"}],"version-history":[{"count":2,"href":"https:\/\/slovenci.rs\/sl\/wp-json\/wp\/v2\/posts\/3653\/revisions"}],"predecessor-version":[{"id":3656,"href":"https:\/\/slovenci.rs\/sl\/wp-json\/wp\/v2\/posts\/3653\/revisions\/3656"}],"wp:attachment":[{"href":"https:\/\/slovenci.rs\/sl\/wp-json\/wp\/v2\/media?parent=3653"}],"wp:term":[{"taxonomy":"category","embeddable":true,"href":"https:\/\/slovenci.rs\/sl\/wp-json\/wp\/v2\/categories?post=3653"},{"taxonomy":"post_tag","embeddable":true,"href":"https:\/\/slovenci.rs\/sl\/wp-json\/wp\/v2\/tags?post=3653"}],"curies":[{"name":"wp","href":"https:\/\/api.w.org\/{rel}","templated":true}]}}