{"id":3657,"date":"2018-05-14T22:51:43","date_gmt":"2018-05-14T20:51:43","guid":{"rendered":"https:\/\/slovenci.rs\/?p=3657"},"modified":"2018-05-14T22:51:43","modified_gmt":"2018-05-14T20:51:43","slug":"seja-sveta-za-nacionalne-manjsine-vlade-republike-srbije","status":"publish","type":"post","link":"https:\/\/slovenci.rs\/sl\/seja-sveta-za-nacionalne-manjsine-vlade-republike-srbije\/","title":{"rendered":"SEJA SVETA ZA NACIONALNE MANJ\u0160INE VLADE REPUBLIKE SRBIJE"},"content":{"rendered":"<p>&nbsp;<\/p>\n<p style=\"font-weight: 400; text-align: justify;\">Dne 10. maja 2018 je v Nemanjini ulici 11 v Beogradu potekala seja sveta za nacionalne manj\u0161ine Vlade Republike Srbije, na kateri so bili poleg predstavnikov nacionalnih svetov nacionalnih manj\u0161in prisotni tudi: Ana Brnabi\u010d, predsednica Vlade Republike Srbije, Branko Ru\u017ei\u0107, minister Ministrstva za dr\u017eavno upravo in lokalno samoupravo, Ivana Anti\u0107, pomo\u010dnica ministra MDULS, Suzana Paunovi\u0107, v.d. direktorica Urada za \u010dlovekove in manj\u0161inske pravice (Kancelarija za ljudska i manjinska prava), Veljko Odalovi\u0107, generalni sekretar Ministrstva za zunanje zadeve R. Srbije, Aleksandar Gajovi\u0107, dr\u017eavni sekretar v Ministrstvu kulture in informiranja R. Srbije, Anamarija Vi\u010dek, dr\u017eavna sekretarka v Ministrstvu za izobra\u017eevanje R. Srbije, in drugi predstavniki resornih ministrstev.<\/p>\n<p style=\"font-weight: 400; text-align: justify;\">\n<p style=\"font-weight: 400; text-align: justify;\">Ve\u010d o dogodku si pod naslovoma \u201eVlada nastavlja politiku po\u0161tovanja prava nacionalnih manjina\u201c in \u201eZavr\u0161ena javna rasprava o Nacrtu zakona o izmenama i dopunama Zakona o nacionalnim savetima nacionalnih manjina\u201c preberite na spletni povezavi:\u00a0<a href=\"http:\/\/www.mduls.gov.rs\/latinica\/aktivnosti-saopstenja.php#a1038\" data-saferedirecturl=\"https:\/\/www.google.com\/url?hl=en&amp;q=http:\/\/www.mduls.gov.rs\/latinica\/aktivnosti-saopstenja.php%23a1038&amp;source=gmail&amp;ust=1526417278555000&amp;usg=AFQjCNG_p2z0sh5776lLTdZ_oClS6sGJXQ\">http:\/\/www.mduls.gov.rs\/latinica\/aktivnosti-saopstenja.php#a1038<\/a><\/p>","protected":false},"excerpt":{"rendered":"<p>&nbsp; Dne 10. maja 2018 je v Nemanjini ulici 11 v Beogradu potekala seja sveta za nacionalne manj\u0161ine Vlade Republike Srbije, na kateri so bili poleg predstavnikov nacionalnih svetov nacionalnih manj\u0161in prisotni tudi: Ana Brnabi\u010d, predsednica Vlade Republike Srbije, Branko Ru\u017ei\u0107, minister Ministrstva za dr\u017eavno upravo in lokalno samoupravo, Ivana Anti\u0107, pomo\u010dnica ministra MDULS, Suzana [&hellip;]<\/p>\n","protected":false},"author":1,"featured_media":0,"comment_status":"closed","ping_status":"closed","sticky":false,"template":"","format":"standard","meta":{"footnotes":""},"categories":[1],"tags":[],"class_list":["post-3657","post","type-post","status-publish","format-standard","hentry","category-uncategorized"],"_links":{"self":[{"href":"https:\/\/slovenci.rs\/sl\/wp-json\/wp\/v2\/posts\/3657","targetHints":{"allow":["GET"]}}],"collection":[{"href":"https:\/\/slovenci.rs\/sl\/wp-json\/wp\/v2\/posts"}],"about":[{"href":"https:\/\/slovenci.rs\/sl\/wp-json\/wp\/v2\/types\/post"}],"author":[{"embeddable":true,"href":"https:\/\/slovenci.rs\/sl\/wp-json\/wp\/v2\/users\/1"}],"replies":[{"embeddable":true,"href":"https:\/\/slovenci.rs\/sl\/wp-json\/wp\/v2\/comments?post=3657"}],"version-history":[{"count":1,"href":"https:\/\/slovenci.rs\/sl\/wp-json\/wp\/v2\/posts\/3657\/revisions"}],"predecessor-version":[{"id":3658,"href":"https:\/\/slovenci.rs\/sl\/wp-json\/wp\/v2\/posts\/3657\/revisions\/3658"}],"wp:attachment":[{"href":"https:\/\/slovenci.rs\/sl\/wp-json\/wp\/v2\/media?parent=3657"}],"wp:term":[{"taxonomy":"category","embeddable":true,"href":"https:\/\/slovenci.rs\/sl\/wp-json\/wp\/v2\/categories?post=3657"},{"taxonomy":"post_tag","embeddable":true,"href":"https:\/\/slovenci.rs\/sl\/wp-json\/wp\/v2\/tags?post=3657"}],"curies":[{"name":"wp","href":"https:\/\/api.w.org\/{rel}","templated":true}]}}