{"id":3672,"date":"2018-06-29T04:26:12","date_gmt":"2018-06-29T02:26:12","guid":{"rendered":"https:\/\/slovenci.rs\/?p=3672"},"modified":"2018-06-29T04:26:26","modified_gmt":"2018-06-29T02:26:26","slug":"slovesni-sprejem-od-dnevu-drzavnosti-v-beogradu","status":"publish","type":"post","link":"https:\/\/slovenci.rs\/sl\/slovesni-sprejem-od-dnevu-drzavnosti-v-beogradu\/","title":{"rendered":"Slovesni sprejem od dnevu dr\u017eavnosti v Beogradu"},"content":{"rendered":"<p>&nbsp;<\/p>\n<p style=\"text-align: justify;\">Beograjski sprejem ob Dnevu dr\u017eavnosti Republike Slovenije, Dnevu slovenske vojske in ob 1. obletnici Svetovnega dneva \u010debel<\/p>\n<p style=\"text-align: justify;\">Veleposlanik Republike Slovenije v Srbiji, njegova ekscelenca Vladimir Gaspari\u010d je na sprejemu ob Dnevu dr\u017eavnosti Republike Slovenije, Dnevu slovenske vojske in ob 1. obletnici Svetovnega dneva \u010debel v nagovoru povedal, da bo Slovenija \u0161e naprej ohranjala in razvijala dobre odnose s Srbijo.<\/p>\n<p style=\"text-align: justify;\">Na sprejemu v beograjskem hotelu &#8222;Metropol Palas&#8220; je prisostvovalo ve\u010d kot dvesto povabljenih gostov, med katerimi so bili \u0161tevilni politiki in diplomati, cerkveni dostojanstveniki, kot tudi gostje iz javnega in kulturnega \u017eivljenja iz Beograda in Srbije.<\/p>\n<p style=\"text-align: justify;\">&#8222;Pred 26 leti je Slovenija postala samostojna dr\u017eava. Danes obele\u017eujemo tudi Dan slovenske vojske in 1. obletnico Svetovnega dneva \u010debel. Danes je Slovenija moderna, demokrati\u010dna dr\u017eava z zdravo in zanesljivo ekonomijo&#8220;, je rekel veleposlanik Republike Slovenije v Srbiji, njegova ekscelenca Vladimir Gaspari\u010d.<\/p>\n<p style=\"text-align: justify;\">Gaspari\u010d je poudaril, da je &#8222;cilj, da se nadaljuje z dobro prakso, posebno s sosednjimi dr\u017eavami, kar je poudarjeno tudi na nedavnem sestanku Boruta Pahorja z Aleksandrom Vu\u010di\u0107em ob inavguraciji predsednika Vu\u010di\u0107a&#8220;.<\/p>\n<p style=\"text-align: justify;\">&#8222;Zato bi izkoristil prilo\u017enost, da se zahvalim Srbiji za gostoljubnost in sodelovanje s Slovenijo, \u0161e posebej tudi z Veleposlani\u0161tvom Republike Slovenije&#8220;, je rekel Gaspari\u010d. Na sprejemu so vro\u010dena tudi priznanja za poseben doprinos in afirmacijo Slovenije, leto\u0161nja dobitnika priznanj pa sta Danijela Fi\u0161akov, predsednica Slovenskega poslovnega kluba v Srbiji, in\u00a0Josip\u00a0Veber, predsednik Zdru\u017eenja Slovencev Ju\u017enega Banata &#8222;Logarska dolina&#8220; iz Pan\u010deva, enega izmed najdejavnej\u0161ih slovenskih dru\u0161tev v Srbiji.<\/p>\n<p style=\"text-align: justify;\">Josip Weber<\/p>\n<p style=\"text-align: justify;\">\n<p style=\"text-align: justify;\"><a href=\"https:\/\/slovenci.rs\/wp-content\/uploads\/2018\/06\/20180620_144606.jpg\"><img loading=\"lazy\" decoding=\"async\" class=\"aligncenter size-medium wp-image-3669\" src=\"https:\/\/slovenci.rs\/wp-content\/uploads\/2018\/06\/20180620_144606-300x168.jpg\" alt=\"20180620_144606\" width=\"300\" height=\"168\" srcset=\"https:\/\/slovenci.rs\/wp-content\/uploads\/2018\/06\/20180620_144606-300x168.jpg 300w, https:\/\/slovenci.rs\/wp-content\/uploads\/2018\/06\/20180620_144606-1024x576.jpg 1024w\" sizes=\"auto, (max-width: 300px) 100vw, 300px\" \/><\/a> <a href=\"https:\/\/slovenci.rs\/wp-content\/uploads\/2018\/06\/20180620_133227.jpg\"><img loading=\"lazy\" decoding=\"async\" class=\"aligncenter size-medium wp-image-3668\" src=\"https:\/\/slovenci.rs\/wp-content\/uploads\/2018\/06\/20180620_133227-300x168.jpg\" alt=\"20180620_133227\" width=\"300\" height=\"168\" srcset=\"https:\/\/slovenci.rs\/wp-content\/uploads\/2018\/06\/20180620_133227-300x168.jpg 300w, https:\/\/slovenci.rs\/wp-content\/uploads\/2018\/06\/20180620_133227-1024x576.jpg 1024w\" sizes=\"auto, (max-width: 300px) 100vw, 300px\" \/><\/a> <a href=\"https:\/\/slovenci.rs\/wp-content\/uploads\/2018\/06\/20180620_133218.jpg\"><img loading=\"lazy\" decoding=\"async\" class=\"aligncenter size-medium wp-image-3667\" src=\"https:\/\/slovenci.rs\/wp-content\/uploads\/2018\/06\/20180620_133218-300x168.jpg\" alt=\"20180620_133218\" width=\"300\" height=\"168\" srcset=\"https:\/\/slovenci.rs\/wp-content\/uploads\/2018\/06\/20180620_133218-300x168.jpg 300w, https:\/\/slovenci.rs\/wp-content\/uploads\/2018\/06\/20180620_133218-1024x576.jpg 1024w\" sizes=\"auto, (max-width: 300px) 100vw, 300px\" \/><\/a><\/p>","protected":false},"excerpt":{"rendered":"<p>&nbsp; Beograjski sprejem ob Dnevu dr\u017eavnosti Republike Slovenije, Dnevu slovenske vojske in ob 1. obletnici Svetovnega dneva \u010debel Veleposlanik Republike Slovenije v Srbiji, njegova ekscelenca Vladimir Gaspari\u010d je na sprejemu ob Dnevu dr\u017eavnosti Republike Slovenije, Dnevu slovenske vojske in ob 1. obletnici Svetovnega dneva \u010debel v nagovoru povedal, da bo Slovenija \u0161e naprej ohranjala in [&hellip;]<\/p>\n","protected":false},"author":1,"featured_media":0,"comment_status":"closed","ping_status":"closed","sticky":false,"template":"","format":"standard","meta":{"footnotes":""},"categories":[1],"tags":[],"class_list":["post-3672","post","type-post","status-publish","format-standard","hentry","category-uncategorized"],"_links":{"self":[{"href":"https:\/\/slovenci.rs\/sl\/wp-json\/wp\/v2\/posts\/3672","targetHints":{"allow":["GET"]}}],"collection":[{"href":"https:\/\/slovenci.rs\/sl\/wp-json\/wp\/v2\/posts"}],"about":[{"href":"https:\/\/slovenci.rs\/sl\/wp-json\/wp\/v2\/types\/post"}],"author":[{"embeddable":true,"href":"https:\/\/slovenci.rs\/sl\/wp-json\/wp\/v2\/users\/1"}],"replies":[{"embeddable":true,"href":"https:\/\/slovenci.rs\/sl\/wp-json\/wp\/v2\/comments?post=3672"}],"version-history":[{"count":2,"href":"https:\/\/slovenci.rs\/sl\/wp-json\/wp\/v2\/posts\/3672\/revisions"}],"predecessor-version":[{"id":3675,"href":"https:\/\/slovenci.rs\/sl\/wp-json\/wp\/v2\/posts\/3672\/revisions\/3675"}],"wp:attachment":[{"href":"https:\/\/slovenci.rs\/sl\/wp-json\/wp\/v2\/media?parent=3672"}],"wp:term":[{"taxonomy":"category","embeddable":true,"href":"https:\/\/slovenci.rs\/sl\/wp-json\/wp\/v2\/categories?post=3672"},{"taxonomy":"post_tag","embeddable":true,"href":"https:\/\/slovenci.rs\/sl\/wp-json\/wp\/v2\/tags?post=3672"}],"curies":[{"name":"wp","href":"https:\/\/api.w.org\/{rel}","templated":true}]}}