{"id":3676,"date":"2018-06-29T04:29:51","date_gmt":"2018-06-29T02:29:51","guid":{"rendered":"https:\/\/slovenci.rs\/?p=3676"},"modified":"2018-07-05T03:30:48","modified_gmt":"2018-07-05T01:30:48","slug":"dan-drzavnosti-u-kovinu","status":"publish","type":"post","link":"https:\/\/slovenci.rs\/sl\/dan-drzavnosti-u-kovinu\/","title":{"rendered":"DAN DR\u017dANOVNOSTI U PAN\u010cEVU"},"content":{"rendered":"<p style=\"text-align: justify;\">Udru\u017eenje Slovenaca \u201eLogarska dolina\u201c obele\u017eilo Dan dr\u017eavnosti Slovenije<\/p>\n<p style=\"text-align: justify;\">\u00a0Svetom misom na slovena\u010dkom i prigodnim programom obele\u017een nacionalni praznik<\/p>\n<p style=\"text-align: justify;\">Svetom misom koja je u ponedeljak 18. juna po prvi put slu\u017eena u crkvi Sv. Karla Boromejskog na slovena\u010dkom jeziku, kao i prigodnim programom u Narodnom muzeju, pan\u010deva\u010dko Udru\u017eenje Slovenaca \u201eLogarska dolina\u201c obele\u017eilo je Dan dr\u017eavnosti Republike Slovenije. Ovim sve\u010danostima pored \u010dlanova Udru\u017eenja prisustvovali su i mnogi Pan\u010devci, simpatizeri Udru\u017eenja koji aktivno u\u010destvuju u njegovom radu.\u00a0 Zanimljivo je ista\u0107i da je sveta misa, koju su predvodili \u017eupnik crkve Sv. \u0106irila i Metodija u Beogradu Lojze Letonja i \u017eupnik crkve Sv. Karla Boromejskog u Pan\u010devu Robert Pa\u0161\u010dik po prvi put u 300 godi\u0161njoj istoriji crkve slu\u017eena na slovena\u010dkom jeziku. Iako je u dugoj tradiciji delovanja katoli\u010dke crkve u Pan\u010devu bilo i nekoliko slovena\u010dkih sve\u0161tenika, niko od njih nije dr\u017eao misu na slovena\u010dkom jeziku, jer su se tada mise slu\u017eile na latinskom. Taj datum se sa punim pravom mo\u017ee nazvati istorijskim i svakako \u0107e otvoriti jednu novu stranicu u \u017eivotu pan\u010deva\u010dkih katolika, naro\u010dito onih koji imaju slovena\u010dko poreklo. U programu koji je prire\u0111en u Narodnom muzeju svoje u\u010de\u0161\u0107e su pored \u010dlanova Udru\u017eenja uzeli i gosti iz Beograda. Tom prilikom prisutne je pozdravio Sa\u0161a Verbi\u010d predsednik Nacionlnog saveta slovena\u010dke manjine u Srbiji i predsednik Dru\u0161tva Slovenaca \u201eSava\u201c iz Beograda koji je u svom izlaganju istakao zna\u010daj obele\u017eavanja ne samo ovog, ve\u0107 i ostalih kulturnih praznika, a koji za Slovence iz ovih krajeva imaju veoma veliki zna\u010daj. U okviru programa gostima je prikazano nekoliko promotivnih turisti\u010dkih filmova o Sloveniji, Logarskoj dolini i Ptuju, kao i numere \u201eSlovenija\u201c poznatog slovena\u010dkog ansambla \u201eBra\u0107e Avseniki\u201c i \u201eDan ljubezni\u201c pop grupe \u201ePepel in kri\u201c kojom su 1975. godine u \u0160vedskoj predstavljali\u00a0 tada\u0161nju Jugoslaviju na Pesmi evrovizije. Iako \u0107e uskoro nastupiti kratka letnja pauza, Udru\u017eenje \u201eLogarska dolina\u201c ne\u0107e u potpunosti prestajati sa radom. Za po\u010detak avgusta je planirana organizovana poseta Sloveniji kao i u\u010de\u0161\u0107e na manifestaciji \u201eLenji oder\u201c u Ru\u0161ama gde \u0107e \u010dlanovi u\u010destvovati u programu gastronomije i predstaviti kuhinju banatskog podneblja u kojoj \u017eive Slovenci<\/p>\n<p style=\"text-align: justify;\">Josip Veber<\/p>\n<p style=\"text-align: justify;\"><a href=\"https:\/\/slovenci.rs\/wp-content\/uploads\/2018\/06\/20180618_183544.jpg\"><img loading=\"lazy\" decoding=\"async\" class=\"aligncenter size-medium wp-image-3678\" src=\"https:\/\/slovenci.rs\/wp-content\/uploads\/2018\/06\/20180618_183544-300x168.jpg\" alt=\"20180618_183544\" width=\"300\" height=\"168\" srcset=\"https:\/\/slovenci.rs\/wp-content\/uploads\/2018\/06\/20180618_183544-300x168.jpg 300w, https:\/\/slovenci.rs\/wp-content\/uploads\/2018\/06\/20180618_183544-1024x576.jpg 1024w\" sizes=\"auto, (max-width: 300px) 100vw, 300px\" \/><\/a> <a href=\"https:\/\/slovenci.rs\/wp-content\/uploads\/2018\/06\/20180618_192743.jpg\"><img loading=\"lazy\" decoding=\"async\" class=\"aligncenter size-medium wp-image-3679\" src=\"https:\/\/slovenci.rs\/wp-content\/uploads\/2018\/06\/20180618_192743-300x168.jpg\" alt=\"20180618_192743\" width=\"300\" height=\"168\" srcset=\"https:\/\/slovenci.rs\/wp-content\/uploads\/2018\/06\/20180618_192743-300x168.jpg 300w, https:\/\/slovenci.rs\/wp-content\/uploads\/2018\/06\/20180618_192743-1024x576.jpg 1024w\" sizes=\"auto, (max-width: 300px) 100vw, 300px\" \/><\/a> <a href=\"https:\/\/slovenci.rs\/wp-content\/uploads\/2018\/06\/20180618_192839.jpg\"><img loading=\"lazy\" decoding=\"async\" class=\"aligncenter size-medium wp-image-3680\" src=\"https:\/\/slovenci.rs\/wp-content\/uploads\/2018\/06\/20180618_192839-300x168.jpg\" alt=\"20180618_192839\" width=\"300\" height=\"168\" srcset=\"https:\/\/slovenci.rs\/wp-content\/uploads\/2018\/06\/20180618_192839-300x168.jpg 300w, https:\/\/slovenci.rs\/wp-content\/uploads\/2018\/06\/20180618_192839-1024x576.jpg 1024w\" sizes=\"auto, (max-width: 300px) 100vw, 300px\" \/><\/a><\/p>","protected":false},"excerpt":{"rendered":"<p>Udru\u017eenje Slovenaca \u201eLogarska dolina\u201c obele\u017eilo Dan dr\u017eavnosti Slovenije \u00a0Svetom misom na slovena\u010dkom i prigodnim programom obele\u017een nacionalni praznik Svetom misom koja je u ponedeljak 18. juna po prvi put slu\u017eena u crkvi Sv. Karla Boromejskog na slovena\u010dkom jeziku, kao i prigodnim programom u Narodnom muzeju, pan\u010deva\u010dko Udru\u017eenje Slovenaca \u201eLogarska dolina\u201c obele\u017eilo je Dan dr\u017eavnosti Republike [&hellip;]<\/p>\n","protected":false},"author":1,"featured_media":0,"comment_status":"closed","ping_status":"closed","sticky":false,"template":"","format":"standard","meta":{"footnotes":""},"categories":[1],"tags":[],"class_list":["post-3676","post","type-post","status-publish","format-standard","hentry","category-uncategorized"],"_links":{"self":[{"href":"https:\/\/slovenci.rs\/sl\/wp-json\/wp\/v2\/posts\/3676","targetHints":{"allow":["GET"]}}],"collection":[{"href":"https:\/\/slovenci.rs\/sl\/wp-json\/wp\/v2\/posts"}],"about":[{"href":"https:\/\/slovenci.rs\/sl\/wp-json\/wp\/v2\/types\/post"}],"author":[{"embeddable":true,"href":"https:\/\/slovenci.rs\/sl\/wp-json\/wp\/v2\/users\/1"}],"replies":[{"embeddable":true,"href":"https:\/\/slovenci.rs\/sl\/wp-json\/wp\/v2\/comments?post=3676"}],"version-history":[{"count":4,"href":"https:\/\/slovenci.rs\/sl\/wp-json\/wp\/v2\/posts\/3676\/revisions"}],"predecessor-version":[{"id":3692,"href":"https:\/\/slovenci.rs\/sl\/wp-json\/wp\/v2\/posts\/3676\/revisions\/3692"}],"wp:attachment":[{"href":"https:\/\/slovenci.rs\/sl\/wp-json\/wp\/v2\/media?parent=3676"}],"wp:term":[{"taxonomy":"category","embeddable":true,"href":"https:\/\/slovenci.rs\/sl\/wp-json\/wp\/v2\/categories?post=3676"},{"taxonomy":"post_tag","embeddable":true,"href":"https:\/\/slovenci.rs\/sl\/wp-json\/wp\/v2\/tags?post=3676"}],"curies":[{"name":"wp","href":"https:\/\/api.w.org\/{rel}","templated":true}]}}