{"id":3683,"date":"2018-06-29T04:34:18","date_gmt":"2018-06-29T02:34:18","guid":{"rendered":"https:\/\/slovenci.rs\/?p=3683"},"modified":"2018-06-29T04:34:36","modified_gmt":"2018-06-29T02:34:36","slug":"gastronomski-dogodek-kovin","status":"publish","type":"post","link":"https:\/\/slovenci.rs\/sl\/gastronomski-dogodek-kovin\/","title":{"rendered":"Gastronomski dogodek Kovin"},"content":{"rendered":"<p>&nbsp;<\/p>\n<p style=\"text-align: justify;\"><strong>V srednji \u0161oli &#8222;Vasa Pelagi\u0107&#8220; v Kovinu organiziran prvi<\/strong><\/p>\n<p style=\"text-align: justify;\"><strong>gastronomski dogodek &#8222;Na\u0161e slovenske specialitete&#8220;<\/strong><\/p>\n<p style=\"text-align: justify;\">V srednji strokovni \u0161oli &#8222;Vasa Pelagi\u0107&#8220; v Kovinu se je v soboto, 16. junija odvijal prvi gastronomski dogodek &#8222;Na\u0161e slovenske specialitete&#8220;, posve\u010den slovenski tradicionalni gastronomiji.<\/p>\n<p style=\"text-align: justify;\">Pridni dijaki srednjih gostinskih smeri iz Kovina in Pan\u010deva so pod mentorstvom profesorjev imeli zahtevno nalogo, da pripravijo jedi po slovenskih receptih. Delovna naloga je bila priprava menija, na katerem se nahaja pi\u0161\u010dan\u010dja juha s celestinami na prekmurski na\u010din, goveji gola\u017e na \u0161tajerski na\u010din s polento in me\u0161ana solata na gorenjski na\u010din. Za slovenske sla\u0161\u010dice je bil zadol\u017een aktiv \u017eensk pri Dru\u0161tvu Slovencev &#8222;Logarska dolina&#8220; iz Pan\u010deva, katerega podru\u017enica v Kovinu je bila soorganizator tega zanimivega dogodka. Pri pripravi menija je sodelovalo dvajset dijakov in profesorjev, del dijakov pa je bil zadol\u017een za postre\u017ebo.<\/p>\n<p style=\"text-align: justify;\">Vsega skupaj okoli sto gostov, med njimi iz Ob\u010dinske uprave, osnovnih in srednjih \u0161ol ter\u00a0 predstavnikov iz javnega in kulturnega \u017eivljenja iz Kovina, so se tega sre\u010danja udele\u017eili tudi predstavniki slovenskih dru\u0161tev iz Pan\u010deva, Beograda, Zrenjanina in Vr\u0161ca. Posebna gostja dr. Milena Spremo, u\u010diteljica slovenskega jezika in kulture in s tem predstavnica Ministrstva Republike Slovenije za izobra\u017eevanje, znanost in \u0161port, ki je sicer letos za\u010dela s pou\u010devanjem tudi v Kovinu, se je najprej zahvalila za topel sprejem in gostoljubnost ter spregovorila o pomenu organiziranja takih manifestacij za predstavljanje slovenske kulture in tradicije.<\/p>\n<p style=\"text-align: justify;\">Po besedah Josipa Vebra, predstavnika Nacionalnega sveta slovenske narodne manj\u0161ine in predsednika Dru\u0161tva Slovencev &#8222;Logarska dolina&#8220; iz Pan\u010deva ter glavnega organizatorja,\u00a0 se je cela manifestacija odvijala v spro\u0161\u010denem in \u010dudovitem vzdu\u0161ju ter dru\u017eenju \u010dlanov in gostov ob spoznavanju slovenske tradicije priprave jedi. Po degustaciji in ugotovitvi strokovne komisije, da so jedi pripravljene na slovenski tradicionalen na\u010din, je gostom postre\u017eeno kosilo.<\/p>\n<p style=\"text-align: justify;\">Organizacijo manifestacije so podprli Ob\u010dina Kovin, Nacionalni svet slovenske narodne manj\u0161ine v Srbiji,\u00a0Urad za Slovence v zamejstvu in po svetu ter\u00a0Ministrstvo Republike Slovenije za izobra\u017eevanje, znanost in \u0161port<\/p>\n<p style=\"text-align: justify;\">Josip Veber<\/p>\n<p style=\"text-align: justify;\"><a href=\"https:\/\/slovenci.rs\/wp-content\/uploads\/2018\/06\/20180616_100804.jpg\"><img loading=\"lazy\" decoding=\"async\" class=\"aligncenter size-medium wp-image-3684\" src=\"https:\/\/slovenci.rs\/wp-content\/uploads\/2018\/06\/20180616_100804-300x168.jpg\" alt=\"20180616_100804\" width=\"300\" height=\"168\" srcset=\"https:\/\/slovenci.rs\/wp-content\/uploads\/2018\/06\/20180616_100804-300x168.jpg 300w, https:\/\/slovenci.rs\/wp-content\/uploads\/2018\/06\/20180616_100804-1024x576.jpg 1024w\" sizes=\"auto, (max-width: 300px) 100vw, 300px\" \/><\/a> <a href=\"https:\/\/slovenci.rs\/wp-content\/uploads\/2018\/06\/20180616_144721-1.jpg\"><img loading=\"lazy\" decoding=\"async\" class=\"aligncenter size-medium wp-image-3685\" src=\"https:\/\/slovenci.rs\/wp-content\/uploads\/2018\/06\/20180616_144721-1-300x168.jpg\" alt=\"20180616_144721 (1)\" width=\"300\" height=\"168\" srcset=\"https:\/\/slovenci.rs\/wp-content\/uploads\/2018\/06\/20180616_144721-1-300x168.jpg 300w, https:\/\/slovenci.rs\/wp-content\/uploads\/2018\/06\/20180616_144721-1-1024x576.jpg 1024w\" sizes=\"auto, (max-width: 300px) 100vw, 300px\" \/><\/a> <a href=\"https:\/\/slovenci.rs\/wp-content\/uploads\/2018\/06\/20180616_145322-1.jpg\"><img loading=\"lazy\" decoding=\"async\" class=\"aligncenter size-medium wp-image-3686\" src=\"https:\/\/slovenci.rs\/wp-content\/uploads\/2018\/06\/20180616_145322-1-300x168.jpg\" alt=\"20180616_145322 (1)\" width=\"300\" height=\"168\" srcset=\"https:\/\/slovenci.rs\/wp-content\/uploads\/2018\/06\/20180616_145322-1-300x168.jpg 300w, https:\/\/slovenci.rs\/wp-content\/uploads\/2018\/06\/20180616_145322-1-1024x576.jpg 1024w\" sizes=\"auto, (max-width: 300px) 100vw, 300px\" \/><\/a><\/p>","protected":false},"excerpt":{"rendered":"<p>&nbsp; V srednji \u0161oli &#8222;Vasa Pelagi\u0107&#8220; v Kovinu organiziran prvi gastronomski dogodek &#8222;Na\u0161e slovenske specialitete&#8220; V srednji strokovni \u0161oli &#8222;Vasa Pelagi\u0107&#8220; v Kovinu se je v soboto, 16. junija odvijal prvi gastronomski dogodek &#8222;Na\u0161e slovenske specialitete&#8220;, posve\u010den slovenski tradicionalni gastronomiji. Pridni dijaki srednjih gostinskih smeri iz Kovina in Pan\u010deva so pod mentorstvom profesorjev imeli zahtevno [&hellip;]<\/p>\n","protected":false},"author":1,"featured_media":0,"comment_status":"closed","ping_status":"closed","sticky":false,"template":"","format":"standard","meta":{"footnotes":""},"categories":[1],"tags":[],"class_list":["post-3683","post","type-post","status-publish","format-standard","hentry","category-uncategorized"],"_links":{"self":[{"href":"https:\/\/slovenci.rs\/sl\/wp-json\/wp\/v2\/posts\/3683","targetHints":{"allow":["GET"]}}],"collection":[{"href":"https:\/\/slovenci.rs\/sl\/wp-json\/wp\/v2\/posts"}],"about":[{"href":"https:\/\/slovenci.rs\/sl\/wp-json\/wp\/v2\/types\/post"}],"author":[{"embeddable":true,"href":"https:\/\/slovenci.rs\/sl\/wp-json\/wp\/v2\/users\/1"}],"replies":[{"embeddable":true,"href":"https:\/\/slovenci.rs\/sl\/wp-json\/wp\/v2\/comments?post=3683"}],"version-history":[{"count":2,"href":"https:\/\/slovenci.rs\/sl\/wp-json\/wp\/v2\/posts\/3683\/revisions"}],"predecessor-version":[{"id":3688,"href":"https:\/\/slovenci.rs\/sl\/wp-json\/wp\/v2\/posts\/3683\/revisions\/3688"}],"wp:attachment":[{"href":"https:\/\/slovenci.rs\/sl\/wp-json\/wp\/v2\/media?parent=3683"}],"wp:term":[{"taxonomy":"category","embeddable":true,"href":"https:\/\/slovenci.rs\/sl\/wp-json\/wp\/v2\/categories?post=3683"},{"taxonomy":"post_tag","embeddable":true,"href":"https:\/\/slovenci.rs\/sl\/wp-json\/wp\/v2\/tags?post=3683"}],"curies":[{"name":"wp","href":"https:\/\/api.w.org\/{rel}","templated":true}]}}