{"id":371,"date":"2011-06-11T21:00:22","date_gmt":"2011-06-11T21:00:22","guid":{"rendered":"?p=371"},"modified":"2012-03-21T17:15:04","modified_gmt":"2012-03-21T16:15:04","slug":"nasa-slovenska-beseda-v-zrenjaninu","status":"publish","type":"post","link":"https:\/\/slovenci.rs\/sl\/nasa-slovenska-beseda-v-zrenjaninu\/","title":{"rendered":"&#8222;NA\u0160A SLOVENSKA BESEDA&#8220; V ZRENJANINU"},"content":{"rendered":"<p>Na\u0161a slovenska beseda je tradicionalno recitatorsko tekmovanje slovenskih zdru\u017eenj v Srbiji, ki je bilo na pobudo profesorice Vere Popovi\u0107 in Izvr\u0161nega odbora Dru\u0161tva Slovencev &#8222;Planika&#8220; iz Zrenjanina organizirano \u017ee peto leto. Namen takega sre\u010danja je povezovanje zdru\u017eenj Slovencev v Srbiji, krepljenje stikov in sodelovanja med zdru\u017eenji, povezovanje dopolnilnih \u0161ol slovenskega jezika in kulture v Srbiji, negovanje slovenskega jezika, tradicije in kulturne dedi\u0161\u010dine ter spodbujanje tekmovalnega duha v recitiranju slovenskih pesmi<\/p>\n<p>&nbsp;<\/p>\n<p align=\"justify\"><a href=\"https:\/\/slovenci.rs\/wp-content\/uploads\/2011\/06\/beseda1-11.jpg\"><img loading=\"lazy\" decoding=\"async\" class=\"alignnone size-thumbnail wp-image-520\" title=\"beseda1-1\" src=\"https:\/\/slovenci.rs\/wp-content\/uploads\/2011\/06\/beseda1-11-150x150.jpg\" alt=\"\" width=\"150\" height=\"150\" \/><\/a><\/p>\n<p align=\"justify\">Pozdravni nagovor veleposlanika mag. Franca Buta<\/p>\n<p align=\"justify\">Sre\u010danja se je udele\u017eil in prisotne pozdravil veleposlanik Republike Slovenije v Srbiji, mag. Franc But, ki je v svojem govoru pohvalil organizatorje za uspe\u0161no ve\u010dletno organiziranje tovrstnega dogodka. Poudaril je pomen ohranjanja slovenskega jezika in kulture v tujini ter izrazil upanje, da se bodo tak\u0161ne dejavnosti, ki prispevajo k razvoju sloven\u0161\u010dine in \u0161irjenju slovenske kulture v Srbiji, uspe\u0161no udejanjale tudi v bodo\u010de.<\/p>\n<p align=\"justify\">V imenu Nacionalnega sveta slovenske narodne manj\u0161ine je prisotne pozdravila prof. dr. Maja \u0110ukanovi\u0107, ki se je vsem prisotnim najprej zahvalila za anga\u017ema pri ustanovitvi Nacionalnega sveta v lanskem letu, ki ima ogromen pomen za slovensko manj\u0161ino v Srbiji, ter se zahvalila prisostvojo\u010dim dru\u0161tvom za sodelovanje in spodbudo svojim \u010dlanom, da se udele\u017eijo tekmovanja.<\/p>\n<p align=\"justify\">Tekmovanja se je tudi letos udele\u017eilo lepo \u0161tevilo \u010dlanov iz slede\u010dih slovenskih zdru\u017eenj: Dru\u0161tvo Slovencev &#8222;Sava&#8220; iz Beograda, , Dru\u0161tvo Slovencev &#8222;Triglav&#8220; iz Subotice, Dru\u0161tvo Slovencev &#8222;Kula&#8220; iz Vr\u0161ca, Dru\u0161tvo Slovencev &#8222;Krederica&#8220; iz Novega Sada, Slovenska kulturna skupnost &#8222;Drago \u010ceh&#8220; iz Bora, Dru\u0161tvo Slovencev &#8222;Emona&#8220; iz Rume ter gostitelji, Dru\u0161tvo Slovencev &#8222;Planika&#8220; iz Zrenjanina. Ob tej prilo\u017enosti smo letos gostili mo\u0161ki pevski zbor &#8222;Maj&#8220; iz Kranja, ki prepeva predvsem klasi\u010dno zborovsko glasbo, ki je nastala na podlagi narodnih pesmi ali pa so jo napisali klasiki slovenske zborovske glasbe. Na koncertne sporede redno uvr\u0161\u010dajo tudi pesmi drugih evropskih narodov, skladbam pa radi dodajo lastno instrumentalno spremljavo. Za \u010dimbolj ubrano petje, se v razli\u010dnih zasedbah trudijo \u017ee polnih 15 let. Za to se vseskozi trudi zborovodja Janez \u010cade\u017e, ki zbor vodi \u017ee od ustanovitve.<\/p>\n<p align=\"justify\">Vse prisotne je pozdravila tudi predsednica Dru\u0161tva Slovencev &#8222;Planika&#8220;, gospa Martina Dr\u010da, voditeljici programa pa sta bili Milena Spremo in Tatjana Vojnovi\u0107, ki sta pozvali \u017eirijo naj zasede svoje mesto ter prebere propozicije tekmovanja. Sledil je \u017ereb nastopajo\u010dih po dru\u0161tvih. Udele\u017eence smo razvrstili v tri starostne skupine in sicer: otroke do 14. leta, mlade od 15. do 30. leta in odrasle. Tekmovanje je popestril bogat kulturni program, ki sta ga pripravila MoPZ &#8222;Maj&#8220; iz Kranja in zbor &#8222;Planika&#8220; iz Zrenjanina, prisotni pa so si lahko ogledali tudi razstavo likovnih izdelkov s slovenskimi motivi, ki so jo pripravili u\u010denci dopolnilne \u0161ole slovenskega jezika iz Zrenjanina<\/p>\n<p align=\"justify\">\u00a0<\/p>\n<p align=\"justify\"><em><a href=\"https:\/\/slovenci.rs\/wp-content\/uploads\/2011\/06\/beseda21.jpg\"><img loading=\"lazy\" decoding=\"async\" class=\"alignnone size-thumbnail wp-image-521\" title=\"beseda2\" src=\"https:\/\/slovenci.rs\/wp-content\/uploads\/2011\/06\/beseda21-150x150.jpg\" alt=\"\" width=\"150\" height=\"150\" \/><\/a><\/em><\/p>\n<p align=\"justify\"><em>Pevski zbor Maj iz Kranja je popestril prireditev<\/em><\/p>\n<p align=\"justify\">Naposled smo le nestrpno do\u010dakali razglasitev rezultatov. Med otroci sta bila najbolj\u0161a Ivo Vukovi\u0107 iz Subotice in Karolina Gruji\u0107 iz Zrenjanina, med mladostniki sta si prvo mesto priborili Darja Kovrilija in Sne\u017eana Gor\u0161ak iz Beograda, med odraslimi pa Du\u0161anka Tomi\u0107 iz Beograda. Glede na skupno uvrstitev je tokrat najvi\u0161je mesto doseglo Dru\u0161tvo Slovencev &#8222;Triglav&#8220; iz Subotice. Najstarej\u0161a udele\u017eenka tekmovajna je bila izvrstna recitatorka gospa Katica Risti\u0107 iz Vr\u0161ca, najbolj ljubek in najmlaj\u0161i Tadej Race iz Subotice, najbolj originalen nastop pa je izvedel Ivan Kova\u010d iz Subotice<\/p>\n<p align=\"justify\">\u00a0<\/p>\n<p align=\"justify\"><a href=\"https:\/\/slovenci.rs\/wp-content\/uploads\/2011\/06\/beseda31.jpg\"><img loading=\"lazy\" decoding=\"async\" class=\"alignnone size-thumbnail wp-image-522\" title=\"beseda3\" src=\"https:\/\/slovenci.rs\/wp-content\/uploads\/2011\/06\/beseda31-150x150.jpg\" alt=\"\" width=\"150\" height=\"150\" \/><\/a><\/p>\n<p align=\"justify\">V \u017eiriji so sedele prof. Dr Maja \u0110ukanovi\u0107, prof. Andreja Ponikvar in prof. Vera Popovi\u0107.<\/p>\n<p align=\"justify\">Po zaklju\u010denem tekmovanju smo se dru\u017eili z na\u0161imi rojaki ob prepevanju slovenskih pesmi do popoldanskih ur, ko so nas najprej zapustili na\u0161i dragi gostje iz Kranja, saj se jim je mudilo na naslednji nastop v Novem Sadu, ki se je odvijal \u0161e isti ve\u010der. Polni lepih vtisov, so nam obljubili, da nas zagotovo \u0161e kdaj obi\u0161\u010dejo, mi pa jih dr\u017eimo za besedo<\/p>\n<p align=\"justify\">\u00a0<\/p>\n<p align=\"justify\"><em><a href=\"https:\/\/slovenci.rs\/wp-content\/uploads\/2011\/06\/beseda41.jpg\"><img loading=\"lazy\" decoding=\"async\" class=\"alignnone size-thumbnail wp-image-523\" title=\"beseda4\" src=\"https:\/\/slovenci.rs\/wp-content\/uploads\/2011\/06\/beseda41-150x150.jpg\" alt=\"\" width=\"150\" height=\"150\" \/><\/a><\/em><\/p>\n<p align=\"justify\"><em>Prof. dr. Maja \u0110ukanovi\u0107, predsednica Dru\u0161tva Slovencev Planika Martina Dr\u010da in prof. Vera Popovi\u0107 so \u010destitale najbolj\u0161im tekmovalcem<\/em><\/p>\n<p align=\"justify\">V pri\u010dakovanju na naslednjo recitatorsko prireditev pa vabimo rojake in prijatelje ter pozivamo slovenska dru\u0161tva in zdru\u017eenja, ki so zainteresirana za tovrstno dru\u017eenje in povezovanje v prihodnosti, naj se nam brez zadr\u017ekov oglasijo in pridru\u017eijo.<\/p>\n<p align=\"justify\">Vera Popovi\u0107, prof. in mag. Milena Spremo<\/p>\n<p align=\"justify\">\u00a0<\/p>\n<p align=\"justify\"><em><a href=\"https:\/\/slovenci.rs\/wp-content\/uploads\/2011\/06\/beseda51.jpg\"><img loading=\"lazy\" decoding=\"async\" class=\"alignnone size-thumbnail wp-image-524\" title=\"beseda5\" src=\"https:\/\/slovenci.rs\/wp-content\/uploads\/2011\/06\/beseda51-150x150.jpg\" alt=\"\" width=\"150\" height=\"150\" \/><\/a><\/em><\/p>\n<p align=\"justify\"><em>Najbolj\u0161i recitatorji<\/em><\/p>\n<p align=\"justify\">\u00a0<\/p>\n<p align=\"justify\"><em><a href=\"https:\/\/slovenci.rs\/wp-content\/uploads\/2011\/06\/beseda61.jpg\"><img loading=\"lazy\" decoding=\"async\" class=\"alignnone size-thumbnail wp-image-525\" title=\"beseda6\" src=\"https:\/\/slovenci.rs\/wp-content\/uploads\/2011\/06\/beseda61-150x150.jpg\" alt=\"\" width=\"150\" height=\"150\" \/><\/a><\/em><\/p>\n<p align=\"justify\"><em>Ob slovesu od na\u0161ih rojakov<\/em><\/p>","protected":false},"excerpt":{"rendered":"<p>Na\u0161a slovenska beseda je tradicionalno recitatorsko tekmovanje slovenskih zdru\u017eenj v Srbiji, ki je bilo na pobudo profesorice Vere Popovi\u0107 in Izvr\u0161nega odbora Dru\u0161tva Slovencev &#8222;Planika&#8220; iz Zrenjanina organizirano \u017ee peto leto. Namen takega sre\u010danja je povezovanje zdru\u017eenj Slovencev v Srbiji, krepljenje stikov in sodelovanja med zdru\u017eenji, povezovanje dopolnilnih \u0161ol slovenskega jezika in kulture v Srbiji, [&hellip;]<\/p>\n","protected":false},"author":1,"featured_media":0,"comment_status":"closed","ping_status":"closed","sticky":false,"template":"","format":"standard","meta":{"footnotes":""},"categories":[1],"tags":[],"class_list":["post-371","post","type-post","status-publish","format-standard","hentry","category-uncategorized"],"_links":{"self":[{"href":"https:\/\/slovenci.rs\/sl\/wp-json\/wp\/v2\/posts\/371","targetHints":{"allow":["GET"]}}],"collection":[{"href":"https:\/\/slovenci.rs\/sl\/wp-json\/wp\/v2\/posts"}],"about":[{"href":"https:\/\/slovenci.rs\/sl\/wp-json\/wp\/v2\/types\/post"}],"author":[{"embeddable":true,"href":"https:\/\/slovenci.rs\/sl\/wp-json\/wp\/v2\/users\/1"}],"replies":[{"embeddable":true,"href":"https:\/\/slovenci.rs\/sl\/wp-json\/wp\/v2\/comments?post=371"}],"version-history":[{"count":8,"href":"https:\/\/slovenci.rs\/sl\/wp-json\/wp\/v2\/posts\/371\/revisions"}],"predecessor-version":[{"id":373,"href":"https:\/\/slovenci.rs\/sl\/wp-json\/wp\/v2\/posts\/371\/revisions\/373"}],"wp:attachment":[{"href":"https:\/\/slovenci.rs\/sl\/wp-json\/wp\/v2\/media?parent=371"}],"wp:term":[{"taxonomy":"category","embeddable":true,"href":"https:\/\/slovenci.rs\/sl\/wp-json\/wp\/v2\/categories?post=371"},{"taxonomy":"post_tag","embeddable":true,"href":"https:\/\/slovenci.rs\/sl\/wp-json\/wp\/v2\/tags?post=371"}],"curies":[{"name":"wp","href":"https:\/\/api.w.org\/{rel}","templated":true}]}}