{"id":3734,"date":"2018-10-04T04:37:26","date_gmt":"2018-10-04T02:37:26","guid":{"rendered":"https:\/\/slovenci.rs\/?p=3734"},"modified":"2018-10-04T04:39:33","modified_gmt":"2018-10-04T02:39:33","slug":"kranjska-klobasica-v-sremski-mitrovici","status":"publish","type":"post","link":"https:\/\/slovenci.rs\/sl\/kranjska-klobasica-v-sremski-mitrovici\/","title":{"rendered":"Kranjska klobasica v Sremski Mitrovici"},"content":{"rendered":"<p>&nbsp;<\/p>\n<p style=\"font-weight: 400; text-align: justify;\">V Sremski Mitrovici je v soboto, 22. septembra 2018, potekala skupna manifestacije Dru\u0161tva Slovencev \u201ePiran\u201c in Dru\u0161tva Nemcev \u201eGoethe\u201c iz Sremske Mitrovice z nazivom Kranjska klobasica in festival \u0161trudla. Udele\u017eili so se je mnogi doma\u010dini, mestni funkcionarji, predstavniki Ministrstva kulture Republike Srbije, cenjeni gostje iz cerkvene skupnosti in predstavnik Nacionalnega sveta slovenske narodne manj\u0161ine v Republiki Srbiji gospod Josip Weber.<\/p>\n<p style=\"font-weight: 400; text-align: justify;\">Na\u0161e dru\u017eenje je bilo polno ne le slastnih okusov, pa\u010d pa tudi dobre glasbe, veselja, dru\u017eenja in slovenske besede. Hvale\u017eni za vso prejeto pomo\u010d in \u0161tevil\u010den obisk, v dru\u0161tvu \u201ePiran\u201c \u017ee jemljemo zalet za nove uspe\u0161ne manifestacije.<\/p>\n<p style=\"font-weight: 400; text-align: justify;\">Dragan Ke\u017eman, predsednik Dru\u0161tva Slovencev \u201ePiran\u201c<\/p>\n<p style=\"font-weight: 400; text-align: justify;\">\n<p style=\"font-weight: 400; text-align: justify;\"><a href=\"https:\/\/slovenci.rs\/wp-content\/uploads\/2018\/10\/IMG_20180922_182510.jpg\"><img loading=\"lazy\" decoding=\"async\" class=\"aligncenter size-medium wp-image-3739\" src=\"https:\/\/slovenci.rs\/wp-content\/uploads\/2018\/10\/IMG_20180922_182510-300x225.jpg\" alt=\"IMG_20180922_182510\" width=\"300\" height=\"225\" srcset=\"https:\/\/slovenci.rs\/wp-content\/uploads\/2018\/10\/IMG_20180922_182510-300x225.jpg 300w, https:\/\/slovenci.rs\/wp-content\/uploads\/2018\/10\/IMG_20180922_182510-1024x768.jpg 1024w\" sizes=\"auto, (max-width: 300px) 100vw, 300px\" \/><\/a><a href=\"https:\/\/slovenci.rs\/wp-content\/uploads\/2018\/10\/IMG_20180922_175735.jpg\"><img loading=\"lazy\" decoding=\"async\" class=\"aligncenter size-medium wp-image-3738\" src=\"https:\/\/slovenci.rs\/wp-content\/uploads\/2018\/10\/IMG_20180922_175735-225x300.jpg\" alt=\"IMG_20180922_175735\" width=\"225\" height=\"300\" srcset=\"https:\/\/slovenci.rs\/wp-content\/uploads\/2018\/10\/IMG_20180922_175735-225x300.jpg 225w, https:\/\/slovenci.rs\/wp-content\/uploads\/2018\/10\/IMG_20180922_175735-768x1024.jpg 768w, https:\/\/slovenci.rs\/wp-content\/uploads\/2018\/10\/IMG_20180922_175735.jpg 1968w\" sizes=\"auto, (max-width: 225px) 100vw, 225px\" \/><\/a><\/p>\n<p style=\"font-weight: 400; text-align: justify;\"><a href=\"https:\/\/slovenci.rs\/wp-content\/uploads\/2018\/10\/IMG-157299e046534db9b98b1021c284da12-V.jpg\"><img loading=\"lazy\" decoding=\"async\" class=\"aligncenter size-medium wp-image-3736\" src=\"https:\/\/slovenci.rs\/wp-content\/uploads\/2018\/10\/IMG-157299e046534db9b98b1021c284da12-V-168x300.jpg\" alt=\"IMG-157299e046534db9b98b1021c284da12-V\" width=\"168\" height=\"300\" srcset=\"https:\/\/slovenci.rs\/wp-content\/uploads\/2018\/10\/IMG-157299e046534db9b98b1021c284da12-V-168x300.jpg 168w, https:\/\/slovenci.rs\/wp-content\/uploads\/2018\/10\/IMG-157299e046534db9b98b1021c284da12-V-576x1024.jpg 576w, https:\/\/slovenci.rs\/wp-content\/uploads\/2018\/10\/IMG-157299e046534db9b98b1021c284da12-V.jpg 720w\" sizes=\"auto, (max-width: 168px) 100vw, 168px\" \/><\/a><\/p>\n<p style=\"font-weight: 400; text-align: justify;\">\n<p style=\"font-weight: 400; text-align: justify;\">\n<p style=\"font-weight: 400; text-align: justify;\"><a href=\"https:\/\/slovenci.rs\/wp-content\/uploads\/2018\/10\/IMG-157299e046534db9b98b1021c284da12-V.jpg\">\u00a0<\/a><\/p>","protected":false},"excerpt":{"rendered":"<p>&nbsp; V Sremski Mitrovici je v soboto, 22. septembra 2018, potekala skupna manifestacije Dru\u0161tva Slovencev \u201ePiran\u201c in Dru\u0161tva Nemcev \u201eGoethe\u201c iz Sremske Mitrovice z nazivom Kranjska klobasica in festival \u0161trudla. Udele\u017eili so se je mnogi doma\u010dini, mestni funkcionarji, predstavniki Ministrstva kulture Republike Srbije, cenjeni gostje iz cerkvene skupnosti in predstavnik Nacionalnega sveta slovenske narodne manj\u0161ine [&hellip;]<\/p>\n","protected":false},"author":1,"featured_media":0,"comment_status":"closed","ping_status":"closed","sticky":false,"template":"","format":"standard","meta":{"footnotes":""},"categories":[1],"tags":[],"class_list":["post-3734","post","type-post","status-publish","format-standard","hentry","category-uncategorized"],"_links":{"self":[{"href":"https:\/\/slovenci.rs\/sl\/wp-json\/wp\/v2\/posts\/3734","targetHints":{"allow":["GET"]}}],"collection":[{"href":"https:\/\/slovenci.rs\/sl\/wp-json\/wp\/v2\/posts"}],"about":[{"href":"https:\/\/slovenci.rs\/sl\/wp-json\/wp\/v2\/types\/post"}],"author":[{"embeddable":true,"href":"https:\/\/slovenci.rs\/sl\/wp-json\/wp\/v2\/users\/1"}],"replies":[{"embeddable":true,"href":"https:\/\/slovenci.rs\/sl\/wp-json\/wp\/v2\/comments?post=3734"}],"version-history":[{"count":3,"href":"https:\/\/slovenci.rs\/sl\/wp-json\/wp\/v2\/posts\/3734\/revisions"}],"predecessor-version":[{"id":3740,"href":"https:\/\/slovenci.rs\/sl\/wp-json\/wp\/v2\/posts\/3734\/revisions\/3740"}],"wp:attachment":[{"href":"https:\/\/slovenci.rs\/sl\/wp-json\/wp\/v2\/media?parent=3734"}],"wp:term":[{"taxonomy":"category","embeddable":true,"href":"https:\/\/slovenci.rs\/sl\/wp-json\/wp\/v2\/categories?post=3734"},{"taxonomy":"post_tag","embeddable":true,"href":"https:\/\/slovenci.rs\/sl\/wp-json\/wp\/v2\/tags?post=3734"}],"curies":[{"name":"wp","href":"https:\/\/api.w.org\/{rel}","templated":true}]}}