{"id":3747,"date":"2018-10-20T20:56:05","date_gmt":"2018-10-20T18:56:05","guid":{"rendered":"https:\/\/slovenci.rs\/?p=3747"},"modified":"2018-10-20T20:57:32","modified_gmt":"2018-10-20T18:57:32","slug":"obisk-velika-dolina","status":"publish","type":"post","link":"https:\/\/slovenci.rs\/sl\/obisk-velika-dolina\/","title":{"rendered":"Obisk Velika dolina"},"content":{"rendered":"<p style=\"text-align: justify;\">Uspe\u0161en obisk pan\u010devskega Dru\u0161tva Slovencev Sloveniji<\/p>\n<p style=\"text-align: justify;\">Sre\u010danje z novim ministrom in novo zbratenje \u0161ol<\/p>\n<p style=\"text-align: justify;\">Delegacija Dru\u0161tva Slovencev &#8222;Logarska dolina&#8220; iz Pan\u010deva na \u010delu s predsednikom Josipom Vebrom je bila prej\u0161nji teden na uradnem obisku v Sloveniji. V Ljubljani se je sestala z novim ministrom za Slovence v zamejstvu in po svetu Petrom Jo\u017eefom \u010cesnikom. V prijateljskem razgovoru je ministra informirala o dosedanjih dejavnostih pan\u010devskega Dru\u0161tva Slovencev kot tudi o na\u010drtih, ki naj bi jih dru\u0161tvo v prihodnosti realiziralo. Minister \u010cesnik je pohvalil delo dru\u0161tva ter poudaril, da je od sodelavcev \u017ee sli\u0161al, da je dru\u0161tvo v Pan\u010devu eno izmed najdejavnej\u0161ih v Srbiji. Pripomnil je tudi, da bo Urad za Slovence v zamejstvu in po svetu \u0161e naprej pomagal pri organizaciji dejavnosti dru\u0161tvom Slovencev v Srbiji, saj se zavedajo pomena obstoja dru\u0161tev, kjer se zbirajo rojaki in potomci Slovencev. Minister je najavil svoj obisk Srbiji v novembru, ko bo prisostvoval tudi Filmskem festivalu &#8222;Dnevi slovenskega filma&#8220;, ki bo organiziran v posameznih mestih v Srbiji, med njimi tudi v Pan\u010devu.<\/p>\n<p style=\"text-align: justify;\">S posredovanjem pan\u010devskega Dru\u0161tva Slovencev oziroma njegove podru\u017enice v Kovinu se je tamkaj\u0161nja Osnovna \u0161ola &#8222;\u0110ura Jak\u0161i\u0107&#8220; zbratila z Osnovno \u0161olo &#8222;Velika dolina&#8220; iz istoimenega kraja v bli\u017eini Bre\u017eic. Spomladi je delegacija omenjene slovenske \u0161ole obiskala Pan\u010devo in Kovin, prej\u0161nji teden pa je dvajset u\u010dencev in u\u010diteljev Osnovne \u0161ole &#8222;\u0110ura Jak\u0161i\u0107&#8220; iz Kovina prvi\u010d obiskalo Osnovno \u0161olo &#8222;Velika dolina&#8220;. Doma\u010dini iz Velike doline so prijateljsko pri\u010dakali vrstnike in jim priredili bogat in raznovrsten trodnevni program. U\u010denci iz Kovina so se na manifestaciji ob &#8222;Dnevu jezikov&#8220;, ki v tem \u010dasu poteka po vseh slovenskih \u0161olah, predstavili s predstavo &#8222;Volimo Sloveniju&#8220; ter ob tej priliki pribli\u017eali slovenskim vrstnikom srbski jezik. Ravnateljica \u0161ole iz Kovina Ivanka Momirov je povedala, da je obisk za u\u010dence in za u\u010ditelje velikega pomena, saj so pridobili nove izku\u0161nje in spletli nova prijateljstva ter da se bo sodelovanje vsekakor nadaljevalo tudi v prihodnosti na obojestransko zadovoljstvo. U\u010denci in u\u010ditelji iz Velike doline so sprejeli povabilo za prihod v Srbijo in bodo spomladi pri\u0161li na povratni obisk v Kovin<\/p>\n<p style=\"text-align: justify;\">\n<p style=\"text-align: justify;\"><a href=\"https:\/\/slovenci.rs\/wp-content\/uploads\/2018\/10\/Na-prijemu-kod-novog-ministra.jpg\"><img loading=\"lazy\" decoding=\"async\" class=\"aligncenter size-medium wp-image-3749\" src=\"https:\/\/slovenci.rs\/wp-content\/uploads\/2018\/10\/Na-prijemu-kod-novog-ministra-225x300.jpg\" alt=\"Na prijemu kod novog ministra\" width=\"225\" height=\"300\" srcset=\"https:\/\/slovenci.rs\/wp-content\/uploads\/2018\/10\/Na-prijemu-kod-novog-ministra-225x300.jpg 225w, https:\/\/slovenci.rs\/wp-content\/uploads\/2018\/10\/Na-prijemu-kod-novog-ministra.jpg 480w\" sizes=\"auto, (max-width: 225px) 100vw, 225px\" \/><\/a> <a href=\"https:\/\/slovenci.rs\/wp-content\/uploads\/2018\/10\/20180926_174440.jpg\"><img loading=\"lazy\" decoding=\"async\" class=\"aligncenter size-medium wp-image-3750\" src=\"https:\/\/slovenci.rs\/wp-content\/uploads\/2018\/10\/20180926_174440-300x145.jpg\" alt=\"20180926_174440\" width=\"300\" height=\"145\" srcset=\"https:\/\/slovenci.rs\/wp-content\/uploads\/2018\/10\/20180926_174440-300x145.jpg 300w, https:\/\/slovenci.rs\/wp-content\/uploads\/2018\/10\/20180926_174440-1024x497.jpg 1024w\" sizes=\"auto, (max-width: 300px) 100vw, 300px\" \/><\/a> <a href=\"https:\/\/slovenci.rs\/wp-content\/uploads\/2018\/10\/\u0110aci-iz-Kovina-ispred-\u0161kole-u-Velikoj-dolini.jpg\"><img loading=\"lazy\" decoding=\"async\" class=\"aligncenter size-medium wp-image-3752\" src=\"https:\/\/slovenci.rs\/wp-content\/uploads\/2018\/10\/\u0110aci-iz-Kovina-ispred-\u0161kole-u-Velikoj-dolini-300x161.jpg\" alt=\"\u0110aci iz Kovina ispred \u0161kole u Velikoj dolini\" width=\"300\" height=\"161\" srcset=\"https:\/\/slovenci.rs\/wp-content\/uploads\/2018\/10\/\u0110aci-iz-Kovina-ispred-\u0161kole-u-Velikoj-dolini-300x161.jpg 300w, https:\/\/slovenci.rs\/wp-content\/uploads\/2018\/10\/\u0110aci-iz-Kovina-ispred-\u0161kole-u-Velikoj-dolini-1024x550.jpg 1024w\" sizes=\"auto, (max-width: 300px) 100vw, 300px\" \/><\/a><\/p>","protected":false},"excerpt":{"rendered":"<p>Uspe\u0161en obisk pan\u010devskega Dru\u0161tva Slovencev Sloveniji Sre\u010danje z novim ministrom in novo zbratenje \u0161ol Delegacija Dru\u0161tva Slovencev &#8222;Logarska dolina&#8220; iz Pan\u010deva na \u010delu s predsednikom Josipom Vebrom je bila prej\u0161nji teden na uradnem obisku v Sloveniji. V Ljubljani se je sestala z novim ministrom za Slovence v zamejstvu in po svetu Petrom Jo\u017eefom \u010cesnikom. V [&hellip;]<\/p>\n","protected":false},"author":1,"featured_media":0,"comment_status":"closed","ping_status":"closed","sticky":false,"template":"","format":"standard","meta":{"footnotes":""},"categories":[1],"tags":[],"class_list":["post-3747","post","type-post","status-publish","format-standard","hentry","category-uncategorized"],"_links":{"self":[{"href":"https:\/\/slovenci.rs\/sl\/wp-json\/wp\/v2\/posts\/3747","targetHints":{"allow":["GET"]}}],"collection":[{"href":"https:\/\/slovenci.rs\/sl\/wp-json\/wp\/v2\/posts"}],"about":[{"href":"https:\/\/slovenci.rs\/sl\/wp-json\/wp\/v2\/types\/post"}],"author":[{"embeddable":true,"href":"https:\/\/slovenci.rs\/sl\/wp-json\/wp\/v2\/users\/1"}],"replies":[{"embeddable":true,"href":"https:\/\/slovenci.rs\/sl\/wp-json\/wp\/v2\/comments?post=3747"}],"version-history":[{"count":3,"href":"https:\/\/slovenci.rs\/sl\/wp-json\/wp\/v2\/posts\/3747\/revisions"}],"predecessor-version":[{"id":3753,"href":"https:\/\/slovenci.rs\/sl\/wp-json\/wp\/v2\/posts\/3747\/revisions\/3753"}],"wp:attachment":[{"href":"https:\/\/slovenci.rs\/sl\/wp-json\/wp\/v2\/media?parent=3747"}],"wp:term":[{"taxonomy":"category","embeddable":true,"href":"https:\/\/slovenci.rs\/sl\/wp-json\/wp\/v2\/categories?post=3747"},{"taxonomy":"post_tag","embeddable":true,"href":"https:\/\/slovenci.rs\/sl\/wp-json\/wp\/v2\/tags?post=3747"}],"curies":[{"name":"wp","href":"https:\/\/api.w.org\/{rel}","templated":true}]}}