{"id":3754,"date":"2018-10-20T20:59:26","date_gmt":"2018-10-20T18:59:26","guid":{"rendered":"https:\/\/slovenci.rs\/?p=3754"},"modified":"2018-10-20T21:00:48","modified_gmt":"2018-10-20T19:00:48","slug":"gastronomski-dogodek-v-pancevu","status":"publish","type":"post","link":"https:\/\/slovenci.rs\/sl\/gastronomski-dogodek-v-pancevu\/","title":{"rendered":"Gastronomski dogodek v Pancevu"},"content":{"rendered":"<p style=\"text-align: justify;\">V organizaciji Dru\u0161tva Slovencev &#8222;Logarska dolina&#8220;<\/p>\n<p style=\"text-align: justify;\">Gastronomski dogodek &#8222;Na\u0161e slovenske specialitete&#8220; \u017ee \u010detrti\u010d v Pan\u010devu<\/p>\n<p style=\"text-align: justify;\">V Pan\u010devu se je 6. oktobra \u017ee \u010detrti\u010d odvijal gastronomski dogodek &#8222;Na\u0161e slovenske specialitete&#8220;. Dogodeku, ki je bil organiziran \u017ee drugi\u010d v ma\u0111arskem kulturno umetni\u0161kem dru\u0161tvu &#8222;Petefi \u0160andor&#8220;, je prisostvovalo ve\u010d kot 150 udele\u017eencev in gostov iz slovenskih dru\u0161tev iz Pan\u010deva, Beograda, Kovina, Vr\u0161ca, Gudurice, Leskovca, Sremske Mitrovice, kot tudi nam posebej dragi gosti iz \u0160olskega centra Ptuj iz Slovenije. Prisotni so bili tudi predstavniki pan\u010devske ob\u010dine, in sicer namestnica \u017eupana Marija \u0110ukanovi\u0107, mestni svetnik za kulturo Nemanja Rotar ter svetnica za izobra\u017eevanja Tanja Bo\u017ei\u0107. Prisotne je v imenu mestne uprave nagovoril Nemanja Rotar, ki je poudaril, da je to ena od \u0161tevilnih manifestacij, ki \u0161iri duh multikulturalnosti v na\u0161em mestu, v katerem \u017eivi v slogi in prijateljstvu 26 nacionalnosti. \u010ceprav je slovenska skupnost v Pan\u010devu majhna, je ena od dejavnej\u0161ih v Srbiji in dejavno sodeluje v kulturnem in javnem \u017eivljenju Pan\u010deva, ki ga bogati s svojimi raznovrstnimi programi, katerih glavni cilj je promocija slovenske kulture in tradicije.<\/p>\n<p style=\"text-align: justify;\">Udele\u017eenci leto\u0161njega revijalnega tekmovanja so gostom pripravili zanimiv meni, in sicer: goveja juha z ju\u0161nimi kuglicami na \u0161tajerski na\u010din, goveji perklet z ri\u017eem na lendavski na\u010din, me\u0161ana solata na slovenski na\u010din in tradicionalna slovenska sladica &#8222;potica&#8220;.<\/p>\n<p>Kosilo so pripravili dijaki gostinske stroke srednjih \u0161ol iz Pan\u010deva, Vr\u0161ca, Kovina in Ptuja ob nadzoru svojih profesorjev ter doma\u010dinov iz Dru\u0161tva Slovencev in MKUD-a &#8222;Petefi \u0160andor&#8220;.<\/p>\n<p>Profesorji in dijaki iz Biotehni\u010dne \u0161ole iz Ptuja iz Slovenije so tekom trajajo\u010dega programa izmenjevali informacije in izku\u0161nje s podro\u010dja gastronomije s kolegi iz Pan\u010deva, Vr\u0161ca in Kovina. Dogovorjeno je, da se naslednje leto organizira \u0161tudijsko potovanje v Ptuj oziroma prihod delegacije slovenske \u0161ole v omenjena tri mesta v Srbiji.<\/p>\n<p>Manifestacija ima velik zna\u010daj pri promoviranju slovenske tradicionalne kuhinje, leto\u0161nja \u0161e posebej, saj je organizirana v sklopu programa obele\u017eevanja \u0161este obletnice obstoja in uspe\u0161nega delovanja pan\u010devskega Dru\u0161tva Slovencev &#8222;Logarska dolina&#8220;.<\/p>\n<p>Po besedah Josipa Vebra, predsednika Dru\u0161tva Slovencev &#8222;Logarska dolina&#8220; in glavnega organizatorja omenjenega dogodka, je tudi leto\u0161nja manifestacija potekala v najlep\u0161em redu, odziv udele\u017eencev je bil zelo dober. Za naslednje leto se pri\u010dakuje prihod \u0161e ve\u010djega \u0161tevila udele\u017eencev, torej novih gostov iz dru\u0161tev Slovencev iz Srbije in sosednjih dr\u017eav ter seveda posebno vedno dobrodo\u0161lih gostov iz Slovenije.<\/p>\n<p style=\"text-align: justify;\">Leto\u0161nji Gastronomski dogodek so podprli Urad Republike Slovenije za Slovence v zamejstvu in po svetu, Nacionalni svet slovenske narodne manj\u0161ine v Srbiji, Ob\u010dina Pan\u010devo, mesarija &#8222;Burjan&#8220; ter MKUD &#8222;Petefi \u0160andor&#8220;.<\/p>\n<p>Naslednji dogodek, ki ga organizira pan\u010devsko dru\u0161tvo Slovencev so &#8222;Glazarjevi dnevi&#8220;. Pesni\u0161ki ve\u010der slovenskega kantavtorja Petra Andreja in Dnevi slovenskega filma bodo organizirani v decembru<\/p>\n<p>&nbsp;<\/p>\n<p><a href=\"https:\/\/slovenci.rs\/wp-content\/uploads\/2018\/10\/20181006_101256-1.jpg\"><img loading=\"lazy\" decoding=\"async\" class=\"aligncenter size-medium wp-image-3756\" src=\"https:\/\/slovenci.rs\/wp-content\/uploads\/2018\/10\/20181006_101256-1-300x183.jpg\" alt=\"20181006_101256 (1)\" width=\"300\" height=\"183\" srcset=\"https:\/\/slovenci.rs\/wp-content\/uploads\/2018\/10\/20181006_101256-1-300x183.jpg 300w, https:\/\/slovenci.rs\/wp-content\/uploads\/2018\/10\/20181006_101256-1-1024x625.jpg 1024w\" sizes=\"auto, (max-width: 300px) 100vw, 300px\" \/><\/a> <a href=\"https:\/\/slovenci.rs\/wp-content\/uploads\/2018\/10\/20181006_104226.jpg\"><img loading=\"lazy\" decoding=\"async\" class=\"aligncenter size-medium wp-image-3758\" src=\"https:\/\/slovenci.rs\/wp-content\/uploads\/2018\/10\/20181006_104226-300x170.jpg\" alt=\"20181006_104226\" width=\"300\" height=\"170\" srcset=\"https:\/\/slovenci.rs\/wp-content\/uploads\/2018\/10\/20181006_104226-300x170.jpg 300w, https:\/\/slovenci.rs\/wp-content\/uploads\/2018\/10\/20181006_104226-1024x581.jpg 1024w\" sizes=\"auto, (max-width: 300px) 100vw, 300px\" \/><\/a> <a href=\"https:\/\/slovenci.rs\/wp-content\/uploads\/2018\/10\/20181006_140859.jpg\"><img loading=\"lazy\" decoding=\"async\" class=\"aligncenter size-medium wp-image-3759\" src=\"https:\/\/slovenci.rs\/wp-content\/uploads\/2018\/10\/20181006_140859-300x165.jpg\" alt=\"20181006_140859\" width=\"300\" height=\"165\" srcset=\"https:\/\/slovenci.rs\/wp-content\/uploads\/2018\/10\/20181006_140859-300x165.jpg 300w, https:\/\/slovenci.rs\/wp-content\/uploads\/2018\/10\/20181006_140859-1024x566.jpg 1024w\" sizes=\"auto, (max-width: 300px) 100vw, 300px\" \/><\/a><\/p>","protected":false},"excerpt":{"rendered":"<p>V organizaciji Dru\u0161tva Slovencev &#8222;Logarska dolina&#8220; Gastronomski dogodek &#8222;Na\u0161e slovenske specialitete&#8220; \u017ee \u010detrti\u010d v Pan\u010devu V Pan\u010devu se je 6. oktobra \u017ee \u010detrti\u010d odvijal gastronomski dogodek &#8222;Na\u0161e slovenske specialitete&#8220;. Dogodeku, ki je bil organiziran \u017ee drugi\u010d v ma\u0111arskem kulturno umetni\u0161kem dru\u0161tvu &#8222;Petefi \u0160andor&#8220;, je prisostvovalo ve\u010d kot 150 udele\u017eencev in gostov iz slovenskih dru\u0161tev iz [&hellip;]<\/p>\n","protected":false},"author":1,"featured_media":0,"comment_status":"closed","ping_status":"closed","sticky":false,"template":"","format":"standard","meta":{"footnotes":""},"categories":[1],"tags":[],"class_list":["post-3754","post","type-post","status-publish","format-standard","hentry","category-uncategorized"],"_links":{"self":[{"href":"https:\/\/slovenci.rs\/sl\/wp-json\/wp\/v2\/posts\/3754","targetHints":{"allow":["GET"]}}],"collection":[{"href":"https:\/\/slovenci.rs\/sl\/wp-json\/wp\/v2\/posts"}],"about":[{"href":"https:\/\/slovenci.rs\/sl\/wp-json\/wp\/v2\/types\/post"}],"author":[{"embeddable":true,"href":"https:\/\/slovenci.rs\/sl\/wp-json\/wp\/v2\/users\/1"}],"replies":[{"embeddable":true,"href":"https:\/\/slovenci.rs\/sl\/wp-json\/wp\/v2\/comments?post=3754"}],"version-history":[{"count":3,"href":"https:\/\/slovenci.rs\/sl\/wp-json\/wp\/v2\/posts\/3754\/revisions"}],"predecessor-version":[{"id":3760,"href":"https:\/\/slovenci.rs\/sl\/wp-json\/wp\/v2\/posts\/3754\/revisions\/3760"}],"wp:attachment":[{"href":"https:\/\/slovenci.rs\/sl\/wp-json\/wp\/v2\/media?parent=3754"}],"wp:term":[{"taxonomy":"category","embeddable":true,"href":"https:\/\/slovenci.rs\/sl\/wp-json\/wp\/v2\/categories?post=3754"},{"taxonomy":"post_tag","embeddable":true,"href":"https:\/\/slovenci.rs\/sl\/wp-json\/wp\/v2\/tags?post=3754"}],"curies":[{"name":"wp","href":"https:\/\/api.w.org\/{rel}","templated":true}]}}