{"id":4011,"date":"2019-03-20T13:21:18","date_gmt":"2019-03-20T12:21:18","guid":{"rendered":"https:\/\/slovenci.rs\/?p=4011"},"modified":"2019-03-20T13:22:17","modified_gmt":"2019-03-20T12:22:17","slug":"jacanje-zastite-nacionalnih-manjina-u-srbiji","status":"publish","type":"post","link":"https:\/\/slovenci.rs\/sl\/jacanje-zastite-nacionalnih-manjina-u-srbiji\/","title":{"rendered":"Ja\u010danje za\u0161tite nacionalnih manjina u Srbiji"},"content":{"rendered":"<p>&nbsp;<\/p>\n<p style=\"text-align: justify;\">U utorak, 19. marta 2019. godine u Palati Srbija, u organizaciji Saveta Evrope i Kancelarije za ljudska i manjinska prava, odr\u017ean je doga\u0111aj pod nazivom Analiza izve\u0161taja o primeni Akcionog plana za ostvarivanje prava nacionalnih manjina. U uvodnom obra\u0107anju govorili su gospo\u0111a Suzana Paunovi\u0107, direktor Kancelarije za ljudska i manjinska prava, i gospodin Tobias Flessenkemper, \u0161ef kancelarije Saveta Evrope u Beogradu. Nakon toga, sledila je prezentacija rezultata koji se odnose na sprovo\u0111enje Akcionog plana za ostvarivanje prava manjina u Srbiji na kojoj su govorili prof. Vladimir \u0110uri\u0107, konsultant i dr Aleksandra Vuji\u0107, konsultant, koji su bili autori Analize. U drugom delu, predstavnici Kancelarije za ljudska i manjinska prava govorili su o finansiranju rada nacionalnih saveta u 2019. godini. Ovom doga\u0111aju su prisustvovali ispred Nacionalnog saveta slovena\u010dke nacionalne manjine Sasa Verbi\u010d, predsednik i Dino Dolni\u010dar, \u010dlan Nacionalnog saveta. Vi\u0161e o samom doga\u0111aju mo\u017eete pro\u010ditati na slede\u0107em linku http:\/\/www.ljudskaprava.gov.rs\/sr\/press\/vesti\/predstavljena-analiza-izveshtaja-o-primeni-akcionog-plana-za-ostvarivanje-prava<\/p>\n<p style=\"text-align: justify;\">\n<p style=\"text-align: justify;\"><a href=\"https:\/\/slovenci.rs\/wp-content\/uploads\/2019\/03\/Foto-Analiza.jpg\"><img loading=\"lazy\" decoding=\"async\" class=\"aligncenter size-medium wp-image-4013\" src=\"https:\/\/slovenci.rs\/wp-content\/uploads\/2019\/03\/Foto-Analiza-300x182.jpg\" alt=\"Foto Analiza\" width=\"300\" height=\"182\" srcset=\"https:\/\/slovenci.rs\/wp-content\/uploads\/2019\/03\/Foto-Analiza-300x182.jpg 300w, https:\/\/slovenci.rs\/wp-content\/uploads\/2019\/03\/Foto-Analiza.jpg 900w\" sizes=\"auto, (max-width: 300px) 100vw, 300px\" \/><\/a> <a href=\"https:\/\/slovenci.rs\/wp-content\/uploads\/2019\/03\/Foto-Analiza-2.jpg\"><img loading=\"lazy\" decoding=\"async\" class=\"aligncenter size-medium wp-image-4014\" src=\"https:\/\/slovenci.rs\/wp-content\/uploads\/2019\/03\/Foto-Analiza-2-300x242.jpg\" alt=\"Foto Analiza 2\" width=\"300\" height=\"242\" srcset=\"https:\/\/slovenci.rs\/wp-content\/uploads\/2019\/03\/Foto-Analiza-2-300x242.jpg 300w, https:\/\/slovenci.rs\/wp-content\/uploads\/2019\/03\/Foto-Analiza-2.jpg 813w\" sizes=\"auto, (max-width: 300px) 100vw, 300px\" \/><\/a><\/p>","protected":false},"excerpt":{"rendered":"<p>&nbsp; U utorak, 19. marta 2019. godine u Palati Srbija, u organizaciji Saveta Evrope i Kancelarije za ljudska i manjinska prava, odr\u017ean je doga\u0111aj pod nazivom Analiza izve\u0161taja o primeni Akcionog plana za ostvarivanje prava nacionalnih manjina. U uvodnom obra\u0107anju govorili su gospo\u0111a Suzana Paunovi\u0107, direktor Kancelarije za ljudska i manjinska prava, i gospodin Tobias [&hellip;]<\/p>\n","protected":false},"author":1,"featured_media":0,"comment_status":"closed","ping_status":"closed","sticky":false,"template":"","format":"standard","meta":{"footnotes":""},"categories":[1],"tags":[],"class_list":["post-4011","post","type-post","status-publish","format-standard","hentry","category-uncategorized"],"_links":{"self":[{"href":"https:\/\/slovenci.rs\/sl\/wp-json\/wp\/v2\/posts\/4011","targetHints":{"allow":["GET"]}}],"collection":[{"href":"https:\/\/slovenci.rs\/sl\/wp-json\/wp\/v2\/posts"}],"about":[{"href":"https:\/\/slovenci.rs\/sl\/wp-json\/wp\/v2\/types\/post"}],"author":[{"embeddable":true,"href":"https:\/\/slovenci.rs\/sl\/wp-json\/wp\/v2\/users\/1"}],"replies":[{"embeddable":true,"href":"https:\/\/slovenci.rs\/sl\/wp-json\/wp\/v2\/comments?post=4011"}],"version-history":[{"count":2,"href":"https:\/\/slovenci.rs\/sl\/wp-json\/wp\/v2\/posts\/4011\/revisions"}],"predecessor-version":[{"id":4015,"href":"https:\/\/slovenci.rs\/sl\/wp-json\/wp\/v2\/posts\/4011\/revisions\/4015"}],"wp:attachment":[{"href":"https:\/\/slovenci.rs\/sl\/wp-json\/wp\/v2\/media?parent=4011"}],"wp:term":[{"taxonomy":"category","embeddable":true,"href":"https:\/\/slovenci.rs\/sl\/wp-json\/wp\/v2\/categories?post=4011"},{"taxonomy":"post_tag","embeddable":true,"href":"https:\/\/slovenci.rs\/sl\/wp-json\/wp\/v2\/tags?post=4011"}],"curies":[{"name":"wp","href":"https:\/\/api.w.org\/{rel}","templated":true}]}}