{"id":4016,"date":"2019-03-21T09:40:16","date_gmt":"2019-03-21T08:40:16","guid":{"rendered":"https:\/\/slovenci.rs\/?p=4016"},"modified":"2019-03-21T09:40:16","modified_gmt":"2019-03-21T08:40:16","slug":"sestanek-koordinacije-nacionanih-svetov-nacionalnih-manjsin-in-sekretariata-za-spremljanje-izvajanja-okvirne-konvence-za-varstvo-nacionalnih-manjsin-sveta-evrope","status":"publish","type":"post","link":"https:\/\/slovenci.rs\/sl\/sestanek-koordinacije-nacionanih-svetov-nacionalnih-manjsin-in-sekretariata-za-spremljanje-izvajanja-okvirne-konvence-za-varstvo-nacionalnih-manjsin-sveta-evrope\/","title":{"rendered":"SESTANEK KOORDINACIJE NACIONANIH SVETOV NACIONALNIH MANJ\u0160IN IN SEKRETARIATA ZA SPREMLJANJE IZVAJANJA OKVIRNE KONVENCE ZA VARSTVO NACIONALNIH MANJ\u0160IN SVETA EVROPE"},"content":{"rendered":"<p>&nbsp;<\/p>\n<p style=\"text-align: justify;\">V sredo, 20. marca 2019, se je predstavnica Nacionalnega sveta slovenske narodne manj\u0161ine v Srbiji Elza Ajdukovi\u0107 udele\u017eila sestanka Koordinacije nacionalnih manj\u0161in s predstavniki Sveta Evrope in predstavnikom sekretariata o izvajanju okvirne konvence Sveta Evrope.<\/p>\n<p style=\"text-align: justify;\">\nNa sestanku so predstavniki nacionalnih manj\u0161in &#8211; \u010dlani Koordinacije, ki so bili razdeljeni v ve\u010d skupin, govorili o manj\u0161inah in njihovem polo\u017eaju v Srbiji po letu 2015. Vpra\u0161anji sta bili:<\/p>\n<p style=\"text-align: justify;\">1. Kaj se je izbolj\u0161alo od 2015 za va\u0161o skupnost na podro\u010dju izvajanja konvence?<br \/>\n2. Kje izostaja napredek glede na 2015?<\/p>\n<p style=\"text-align: justify;\">Forumu je predsedoval Mr. Petter Mille, ki se je opravi\u010dil, ker ni bilo ve\u010d \u010dasa za spro\u0161\u010den pogovor in prosil da odgovore na zastavljena vpra\u0161anja, ki so bila tema sestanka, po\u0161ljemo \u010dlanu evropske pisarne v angle\u0161kem ali nem\u0161kem jeziku na e-mail naslov <a href=\"mailto:jean-etienne.kautzmann@coe.int\">jean-etienne.kautzmann@coe.int<\/a><\/p>","protected":false},"excerpt":{"rendered":"<p>&nbsp; V sredo, 20. marca 2019, se je predstavnica Nacionalnega sveta slovenske narodne manj\u0161ine v Srbiji Elza Ajdukovi\u0107 udele\u017eila sestanka Koordinacije nacionalnih manj\u0161in s predstavniki Sveta Evrope in predstavnikom sekretariata o izvajanju okvirne konvence Sveta Evrope. Na sestanku so predstavniki nacionalnih manj\u0161in &#8211; \u010dlani Koordinacije, ki so bili razdeljeni v ve\u010d skupin, govorili o manj\u0161inah [&hellip;]<\/p>\n","protected":false},"author":1,"featured_media":0,"comment_status":"closed","ping_status":"closed","sticky":false,"template":"","format":"standard","meta":{"footnotes":""},"categories":[1],"tags":[],"class_list":["post-4016","post","type-post","status-publish","format-standard","hentry","category-uncategorized"],"_links":{"self":[{"href":"https:\/\/slovenci.rs\/sl\/wp-json\/wp\/v2\/posts\/4016","targetHints":{"allow":["GET"]}}],"collection":[{"href":"https:\/\/slovenci.rs\/sl\/wp-json\/wp\/v2\/posts"}],"about":[{"href":"https:\/\/slovenci.rs\/sl\/wp-json\/wp\/v2\/types\/post"}],"author":[{"embeddable":true,"href":"https:\/\/slovenci.rs\/sl\/wp-json\/wp\/v2\/users\/1"}],"replies":[{"embeddable":true,"href":"https:\/\/slovenci.rs\/sl\/wp-json\/wp\/v2\/comments?post=4016"}],"version-history":[{"count":1,"href":"https:\/\/slovenci.rs\/sl\/wp-json\/wp\/v2\/posts\/4016\/revisions"}],"predecessor-version":[{"id":4017,"href":"https:\/\/slovenci.rs\/sl\/wp-json\/wp\/v2\/posts\/4016\/revisions\/4017"}],"wp:attachment":[{"href":"https:\/\/slovenci.rs\/sl\/wp-json\/wp\/v2\/media?parent=4016"}],"wp:term":[{"taxonomy":"category","embeddable":true,"href":"https:\/\/slovenci.rs\/sl\/wp-json\/wp\/v2\/categories?post=4016"},{"taxonomy":"post_tag","embeddable":true,"href":"https:\/\/slovenci.rs\/sl\/wp-json\/wp\/v2\/tags?post=4016"}],"curies":[{"name":"wp","href":"https:\/\/api.w.org\/{rel}","templated":true}]}}