{"id":4023,"date":"2019-03-23T22:43:19","date_gmt":"2019-03-23T21:43:19","guid":{"rendered":"https:\/\/slovenci.rs\/?p=4023"},"modified":"2019-03-23T22:45:43","modified_gmt":"2019-03-23T21:45:43","slug":"promocija-knjige-dr-tanje-tomazin-2","status":"publish","type":"post","link":"https:\/\/slovenci.rs\/sl\/promocija-knjige-dr-tanje-tomazin-2\/","title":{"rendered":"Promocija knjige dr. Tanje Tomazin"},"content":{"rendered":"<p>&nbsp;<\/p>\n<p style=\"text-align: justify;\">V sredo, 20. marca 2019, smo v Beogradu, v prostorih Nacionalnega sveta slovenske manj\u0161ine in Dru\u0161tva Slovencev Sava, z velikim zanimanjem prisluhnili besedam dr. Tanje Tomazin, avtorice knjige Postmodernizem v slovenskem in srbskem romanu. Po navdihnjenih uvodnih besedah doc. dr. Gorana Korunovi\u0107a z Oddelka za srbsko knji\u017eevnost in ju\u017enoslovanske knji\u017eevnosti Filolo\u0161ke fakultete Univerze v Beogradu, nas je dr. Tanja Tomazin, skozi pogovor s prof. dr. Majo \u0110ukanovi\u0107 &#8211; obe z Lektorata za slovenistiko Filolo\u0161ke fakultete v Beogradu &#8211; popeljala skozi zadnji dve desetletji 20. stoletja v slovenskem in srbskem romanu. V svoji poglobljeni \u0161tudiji dr. Tomazin obravnava postmodernizem v slovenskih in srbskih romanih v kontekstu politi\u010dnozgodovinskega okvira, s poudarkom &#8211; kot v pohvalni recenziji pi\u0161e prof. dr. Vanesa Matajc s Filozofske fakultete Univerze v Ljubljani &#8211; na \u00bbusodni\u00ab povezanosti romana in zgodovinskega trenutka, v katerem je roman nastajal v obeh knji\u017eevnostih.<\/p>\n<p style=\"text-align: justify;\">Dr. Tanja Tomazin je s svojo zajetno monografijo Postmodernizem v slovenskem in srbskem romanu, v zalo\u017ebi Kulturnega centra Maribor, predstavila visoke znanstvene dose\u017eke s podro\u010dja literarne teorije ter postavila nove izzive za prihodnje raziskave. S svojim celotnim, izjemno posve\u010denim delovanjem v slovenski skupnosti v Srbiji je dr. Tomazin v kratkem \u010dasu ustvarila \u0161tevilne nove povezave, tako med srbsko in slovensko slovenistiko, kot med Srbijo in Slovenijo nasploh.<\/p>\n<p style=\"text-align: justify;\">Ob iskreni zahvali dr. Tanji Tomazin za vse, kar je do sedaj dosegla in ustvarila, v srbski slovenisti\u010dni in slovenski skupnosti nestrpno \u010dakamo njene nove dose\u017eke, knjigo Postmodernizem v slovenskem in srbskem romanu pa toplo priporo\u010damo v branje<\/p>\n<p style=\"text-align: justify;\"><a href=\"https:\/\/slovenci.rs\/wp-content\/uploads\/2019\/03\/Promocija-knjige-dr-Tanje-Tomazin.docx\">Promocija knjige dr Tanje Tomazin<\/a><\/p>\n<p style=\"text-align: justify;\"><a href=\"https:\/\/slovenci.rs\/wp-content\/uploads\/2019\/03\/Tomazin_promocija.jpg\"><img loading=\"lazy\" decoding=\"async\" class=\"aligncenter size-medium wp-image-4026\" src=\"https:\/\/slovenci.rs\/wp-content\/uploads\/2019\/03\/Tomazin_promocija-300x200.jpg\" alt=\"Tomazin_promocija\" width=\"300\" height=\"200\" srcset=\"https:\/\/slovenci.rs\/wp-content\/uploads\/2019\/03\/Tomazin_promocija-300x200.jpg 300w, https:\/\/slovenci.rs\/wp-content\/uploads\/2019\/03\/Tomazin_promocija.jpg 600w\" sizes=\"auto, (max-width: 300px) 100vw, 300px\" \/><\/a> <a href=\"https:\/\/slovenci.rs\/wp-content\/uploads\/2019\/03\/Tomazin_promocija2.jpg\"><img loading=\"lazy\" decoding=\"async\" class=\"aligncenter size-medium wp-image-4028\" src=\"https:\/\/slovenci.rs\/wp-content\/uploads\/2019\/03\/Tomazin_promocija2-300x200.jpg\" alt=\"Tomazin_promocija2\" width=\"300\" height=\"200\" srcset=\"https:\/\/slovenci.rs\/wp-content\/uploads\/2019\/03\/Tomazin_promocija2-300x200.jpg 300w, https:\/\/slovenci.rs\/wp-content\/uploads\/2019\/03\/Tomazin_promocija2-1024x682.jpg 1024w, https:\/\/slovenci.rs\/wp-content\/uploads\/2019\/03\/Tomazin_promocija2.jpg 1200w\" sizes=\"auto, (max-width: 300px) 100vw, 300px\" \/><\/a> <a href=\"https:\/\/slovenci.rs\/wp-content\/uploads\/2019\/03\/tomazin_tanja_predstavitev_knjige009.jpg\"><img loading=\"lazy\" decoding=\"async\" class=\"aligncenter size-medium wp-image-4029\" src=\"https:\/\/slovenci.rs\/wp-content\/uploads\/2019\/03\/tomazin_tanja_predstavitev_knjige009-300x200.jpg\" alt=\"tomazin_tanja_predstavitev_knjige009\" width=\"300\" height=\"200\" srcset=\"https:\/\/slovenci.rs\/wp-content\/uploads\/2019\/03\/tomazin_tanja_predstavitev_knjige009-300x200.jpg 300w, https:\/\/slovenci.rs\/wp-content\/uploads\/2019\/03\/tomazin_tanja_predstavitev_knjige009-1024x682.jpg 1024w, https:\/\/slovenci.rs\/wp-content\/uploads\/2019\/03\/tomazin_tanja_predstavitev_knjige009.jpg 1500w\" sizes=\"auto, (max-width: 300px) 100vw, 300px\" \/><\/a><\/p>","protected":false},"excerpt":{"rendered":"<p>&nbsp; V sredo, 20. marca 2019, smo v Beogradu, v prostorih Nacionalnega sveta slovenske manj\u0161ine in Dru\u0161tva Slovencev Sava, z velikim zanimanjem prisluhnili besedam dr. Tanje Tomazin, avtorice knjige Postmodernizem v slovenskem in srbskem romanu. Po navdihnjenih uvodnih besedah doc. dr. Gorana Korunovi\u0107a z Oddelka za srbsko knji\u017eevnost in ju\u017enoslovanske knji\u017eevnosti Filolo\u0161ke fakultete Univerze v [&hellip;]<\/p>\n","protected":false},"author":1,"featured_media":0,"comment_status":"closed","ping_status":"closed","sticky":false,"template":"","format":"standard","meta":{"footnotes":""},"categories":[1],"tags":[],"class_list":["post-4023","post","type-post","status-publish","format-standard","hentry","category-uncategorized"],"_links":{"self":[{"href":"https:\/\/slovenci.rs\/sl\/wp-json\/wp\/v2\/posts\/4023","targetHints":{"allow":["GET"]}}],"collection":[{"href":"https:\/\/slovenci.rs\/sl\/wp-json\/wp\/v2\/posts"}],"about":[{"href":"https:\/\/slovenci.rs\/sl\/wp-json\/wp\/v2\/types\/post"}],"author":[{"embeddable":true,"href":"https:\/\/slovenci.rs\/sl\/wp-json\/wp\/v2\/users\/1"}],"replies":[{"embeddable":true,"href":"https:\/\/slovenci.rs\/sl\/wp-json\/wp\/v2\/comments?post=4023"}],"version-history":[{"count":4,"href":"https:\/\/slovenci.rs\/sl\/wp-json\/wp\/v2\/posts\/4023\/revisions"}],"predecessor-version":[{"id":4031,"href":"https:\/\/slovenci.rs\/sl\/wp-json\/wp\/v2\/posts\/4023\/revisions\/4031"}],"wp:attachment":[{"href":"https:\/\/slovenci.rs\/sl\/wp-json\/wp\/v2\/media?parent=4023"}],"wp:term":[{"taxonomy":"category","embeddable":true,"href":"https:\/\/slovenci.rs\/sl\/wp-json\/wp\/v2\/categories?post=4023"},{"taxonomy":"post_tag","embeddable":true,"href":"https:\/\/slovenci.rs\/sl\/wp-json\/wp\/v2\/tags?post=4023"}],"curies":[{"name":"wp","href":"https:\/\/api.w.org\/{rel}","templated":true}]}}