{"id":4032,"date":"2019-03-25T10:14:43","date_gmt":"2019-03-25T09:14:43","guid":{"rendered":"https:\/\/slovenci.rs\/?p=4032"},"modified":"2019-03-25T10:18:18","modified_gmt":"2019-03-25T09:18:18","slug":"promocija-casopisa-slovenika","status":"publish","type":"post","link":"https:\/\/slovenci.rs\/sl\/promocija-casopisa-slovenika\/","title":{"rendered":"Promocija \u010dasopisa Slovenika"},"content":{"rendered":"<p style=\"text-align: justify;\">Sa velikim zadovoljstvom vas pozivamo na promociju \u010dasopisa Slovenika : \u010dasopis za kulturu, nauku i obrazovanje, u izdanju Filolo\u0161kog fakulteta Univerziteta u Beogradu i Nacionalnog saveta slovena\u010dke manjine u Srbiji, u sredu 27. marta 2019. u 18 sati u prostorijama Nacionalnog saveta slovena\u010dke manjine, Terazije 3\/IX.<\/p>\n<p>O tematu Umetni\u010dka preplitanja u srpsko-slovena\u010dkom kulturnom prostoru govore:<\/p>\n<p>prof. dr Vesna Polovina<\/p>\n<p>dr Lada Stevanovi\u0107<\/p>\n<p>prof. dr Anica Sabo<\/p>\n<p style=\"text-align: justify;\">Biljana Milenkovi\u0107 \u2013 Vukovi\u0107.<\/p>\n<p style=\"text-align: justify;\">\n<p style=\"text-align: justify;\"><a href=\"https:\/\/slovenci.rs\/wp-content\/uploads\/2019\/03\/IMG_5989.png\"><img loading=\"lazy\" decoding=\"async\" class=\"aligncenter size-medium wp-image-4034\" src=\"https:\/\/slovenci.rs\/wp-content\/uploads\/2019\/03\/IMG_5989-169x300.png\" alt=\"IMG_5989\" width=\"169\" height=\"300\" srcset=\"https:\/\/slovenci.rs\/wp-content\/uploads\/2019\/03\/IMG_5989-169x300.png 169w, https:\/\/slovenci.rs\/wp-content\/uploads\/2019\/03\/IMG_5989-576x1024.png 576w, https:\/\/slovenci.rs\/wp-content\/uploads\/2019\/03\/IMG_5989.png 640w\" sizes=\"auto, (max-width: 169px) 100vw, 169px\" \/><\/a><\/p>","protected":false},"excerpt":{"rendered":"<p>Sa velikim zadovoljstvom vas pozivamo na promociju \u010dasopisa Slovenika : \u010dasopis za kulturu, nauku i obrazovanje, u izdanju Filolo\u0161kog fakulteta Univerziteta u Beogradu i Nacionalnog saveta slovena\u010dke manjine u Srbiji, u sredu 27. marta 2019. u 18 sati u prostorijama Nacionalnog saveta slovena\u010dke manjine, Terazije 3\/IX. O tematu Umetni\u010dka preplitanja u srpsko-slovena\u010dkom kulturnom prostoru govore: [&hellip;]<\/p>\n","protected":false},"author":1,"featured_media":0,"comment_status":"closed","ping_status":"closed","sticky":false,"template":"","format":"standard","meta":{"footnotes":""},"categories":[1],"tags":[],"class_list":["post-4032","post","type-post","status-publish","format-standard","hentry","category-uncategorized"],"_links":{"self":[{"href":"https:\/\/slovenci.rs\/sl\/wp-json\/wp\/v2\/posts\/4032","targetHints":{"allow":["GET"]}}],"collection":[{"href":"https:\/\/slovenci.rs\/sl\/wp-json\/wp\/v2\/posts"}],"about":[{"href":"https:\/\/slovenci.rs\/sl\/wp-json\/wp\/v2\/types\/post"}],"author":[{"embeddable":true,"href":"https:\/\/slovenci.rs\/sl\/wp-json\/wp\/v2\/users\/1"}],"replies":[{"embeddable":true,"href":"https:\/\/slovenci.rs\/sl\/wp-json\/wp\/v2\/comments?post=4032"}],"version-history":[{"count":2,"href":"https:\/\/slovenci.rs\/sl\/wp-json\/wp\/v2\/posts\/4032\/revisions"}],"predecessor-version":[{"id":4035,"href":"https:\/\/slovenci.rs\/sl\/wp-json\/wp\/v2\/posts\/4032\/revisions\/4035"}],"wp:attachment":[{"href":"https:\/\/slovenci.rs\/sl\/wp-json\/wp\/v2\/media?parent=4032"}],"wp:term":[{"taxonomy":"category","embeddable":true,"href":"https:\/\/slovenci.rs\/sl\/wp-json\/wp\/v2\/categories?post=4032"},{"taxonomy":"post_tag","embeddable":true,"href":"https:\/\/slovenci.rs\/sl\/wp-json\/wp\/v2\/tags?post=4032"}],"curies":[{"name":"wp","href":"https:\/\/api.w.org\/{rel}","templated":true}]}}