{"id":4043,"date":"2019-03-29T04:32:41","date_gmt":"2019-03-29T03:32:41","guid":{"rendered":"https:\/\/slovenci.rs\/?p=4043"},"modified":"2019-03-29T04:34:15","modified_gmt":"2019-03-29T03:34:15","slug":"promocija-casopisa-slovenika-v-beogradu","status":"publish","type":"post","link":"https:\/\/slovenci.rs\/sl\/promocija-casopisa-slovenika-v-beogradu\/","title":{"rendered":"Promocija \u010dasopisa Slovenika v Beogradu"},"content":{"rendered":"<p>&nbsp;<\/p>\n<p style=\"text-align: justify;\">V Beogradu smo v prostorih Nacionalnega sveta slovenske manj\u0161ine v Srbiji in Dru\u0161tva Slovencev Sava, v sredo, 27. marca 2019, v sodelovanju s Filolo\u0161ko fakulteto Univerze v Beogradu, predstavili \u010detrto \u0161tevilko znanstvenega \u010dasopisa Slovenika. O Sloveniki so govorile prof. dr. Vesna Polovina s Filolo\u0161ke fakultete v Beogradu, prof. dr. Anica Sabo s Fakultete glasbene umetnosti v Beogradu ter dr. Lada Stevanovi\u0107 in Biljana Milenkovi\u0107 Vukovi\u0107 iz Etnografskega in\u0161tituta Srbske akademije znanosti in umetnosti. \u0160tevilni zainteresirani so z zanimanjem spremljali zanimive poglede na Sloveniko in njen uspe\u0161en razvoj.<\/p>\n<p style=\"text-align: justify;\">Urednica temata naslednje, pete \u0161tevilke Slovenike, je dr. Tanja Tomazin, v imenu uredni\u0161tva pa ste vabljeni k po\u0161iljanju prispevkov.<\/p>\n<p style=\"text-align: justify;\">Slovenika je dostopna na<a href=\"\/sl\/%20https:\/\/slovenci.rs\/slovenika\/\"> https:\/\/slovenci.rs\/slovenika<\/a><\/p>\n<p style=\"text-align: justify;\">\n<p style=\"text-align: justify;\"><a href=\"https:\/\/slovenci.rs\/wp-content\/uploads\/2019\/03\/Slovenika-4.jpg\"><img loading=\"lazy\" decoding=\"async\" class=\"aligncenter size-medium wp-image-4046\" src=\"https:\/\/slovenci.rs\/wp-content\/uploads\/2019\/03\/Slovenika-4-300x200.jpg\" alt=\"Slovenika 4\" width=\"300\" height=\"200\" srcset=\"https:\/\/slovenci.rs\/wp-content\/uploads\/2019\/03\/Slovenika-4-300x200.jpg 300w, https:\/\/slovenci.rs\/wp-content\/uploads\/2019\/03\/Slovenika-4-1024x682.jpg 1024w, https:\/\/slovenci.rs\/wp-content\/uploads\/2019\/03\/Slovenika-4.jpg 1200w\" sizes=\"auto, (max-width: 300px) 100vw, 300px\" \/><\/a> <a href=\"https:\/\/slovenci.rs\/wp-content\/uploads\/2019\/03\/Promocija-27.3.2019.jpg\"><img loading=\"lazy\" decoding=\"async\" class=\"aligncenter size-medium wp-image-4047\" src=\"https:\/\/slovenci.rs\/wp-content\/uploads\/2019\/03\/Promocija-27.3.2019-300x200.jpg\" alt=\"Promocija 27.3.2019\" width=\"300\" height=\"200\" srcset=\"https:\/\/slovenci.rs\/wp-content\/uploads\/2019\/03\/Promocija-27.3.2019-300x200.jpg 300w, https:\/\/slovenci.rs\/wp-content\/uploads\/2019\/03\/Promocija-27.3.2019-1024x682.jpg 1024w, https:\/\/slovenci.rs\/wp-content\/uploads\/2019\/03\/Promocija-27.3.2019.jpg 1200w\" sizes=\"auto, (max-width: 300px) 100vw, 300px\" \/><\/a> <a href=\"https:\/\/slovenci.rs\/wp-content\/uploads\/2019\/03\/Promocija-Slovenike.jpg\"><img loading=\"lazy\" decoding=\"async\" class=\"aligncenter size-medium wp-image-4049\" src=\"https:\/\/slovenci.rs\/wp-content\/uploads\/2019\/03\/Promocija-Slovenike-300x200.jpg\" alt=\"Promocija Slovenike\" width=\"300\" height=\"200\" srcset=\"https:\/\/slovenci.rs\/wp-content\/uploads\/2019\/03\/Promocija-Slovenike-300x200.jpg 300w, https:\/\/slovenci.rs\/wp-content\/uploads\/2019\/03\/Promocija-Slovenike-1024x682.jpg 1024w, https:\/\/slovenci.rs\/wp-content\/uploads\/2019\/03\/Promocija-Slovenike.jpg 1200w\" sizes=\"auto, (max-width: 300px) 100vw, 300px\" \/><\/a><\/p>","protected":false},"excerpt":{"rendered":"<p>&nbsp; V Beogradu smo v prostorih Nacionalnega sveta slovenske manj\u0161ine v Srbiji in Dru\u0161tva Slovencev Sava, v sredo, 27. marca 2019, v sodelovanju s Filolo\u0161ko fakulteto Univerze v Beogradu, predstavili \u010detrto \u0161tevilko znanstvenega \u010dasopisa Slovenika. O Sloveniki so govorile prof. dr. Vesna Polovina s Filolo\u0161ke fakultete v Beogradu, prof. dr. Anica Sabo s Fakultete glasbene [&hellip;]<\/p>\n","protected":false},"author":1,"featured_media":0,"comment_status":"closed","ping_status":"closed","sticky":false,"template":"","format":"standard","meta":{"footnotes":""},"categories":[1],"tags":[],"class_list":["post-4043","post","type-post","status-publish","format-standard","hentry","category-uncategorized"],"_links":{"self":[{"href":"https:\/\/slovenci.rs\/sl\/wp-json\/wp\/v2\/posts\/4043","targetHints":{"allow":["GET"]}}],"collection":[{"href":"https:\/\/slovenci.rs\/sl\/wp-json\/wp\/v2\/posts"}],"about":[{"href":"https:\/\/slovenci.rs\/sl\/wp-json\/wp\/v2\/types\/post"}],"author":[{"embeddable":true,"href":"https:\/\/slovenci.rs\/sl\/wp-json\/wp\/v2\/users\/1"}],"replies":[{"embeddable":true,"href":"https:\/\/slovenci.rs\/sl\/wp-json\/wp\/v2\/comments?post=4043"}],"version-history":[{"count":4,"href":"https:\/\/slovenci.rs\/sl\/wp-json\/wp\/v2\/posts\/4043\/revisions"}],"predecessor-version":[{"id":4050,"href":"https:\/\/slovenci.rs\/sl\/wp-json\/wp\/v2\/posts\/4043\/revisions\/4050"}],"wp:attachment":[{"href":"https:\/\/slovenci.rs\/sl\/wp-json\/wp\/v2\/media?parent=4043"}],"wp:term":[{"taxonomy":"category","embeddable":true,"href":"https:\/\/slovenci.rs\/sl\/wp-json\/wp\/v2\/categories?post=4043"},{"taxonomy":"post_tag","embeddable":true,"href":"https:\/\/slovenci.rs\/sl\/wp-json\/wp\/v2\/tags?post=4043"}],"curies":[{"name":"wp","href":"https:\/\/api.w.org\/{rel}","templated":true}]}}