{"id":4052,"date":"2019-04-11T14:40:28","date_gmt":"2019-04-11T12:40:28","guid":{"rendered":"https:\/\/slovenci.rs\/?p=4052"},"modified":"2019-04-11T14:41:26","modified_gmt":"2019-04-11T12:41:26","slug":"smernice-za-ustrezno-zastopanje-nm-v-ucnem-sistemu-r-srbije","status":"publish","type":"post","link":"https:\/\/slovenci.rs\/sl\/smernice-za-ustrezno-zastopanje-nm-v-ucnem-sistemu-r-srbije\/","title":{"rendered":"SMERNICE ZA USTREZNO ZASTOPANJE NM V U\u010cNEM SISTEMU R. SRBIJE"},"content":{"rendered":"<p>&nbsp;<\/p>\n<p style=\"text-align: justify;\">V sredo, 10. 4. 2019. je potekala predstavitev Smernic za ustrezno zastopanje nacionlanih manj\u0161in v u\u010dnih programih, u\u010dnih sredstvih in vsebinah v Republiki Srbiji. Sestanek je organiziralo &#8222;Ministarstvo prosvete, nauke i tehnolo\u0161kog razvoja&#8220;, v sodelovanju s Svetom Evrope.<\/p>\n<p style=\"text-align: justify;\">Uvodne besede sta podala Anamarija Vi\u010dek, dr\u017eavna sekretarka v Ministrstu, in Vedran Ian Kjeldsen, regionalni kooridanot projekta Sveta Evrope. V imenu Nacionalnega sveta slovenske narodne manj\u0161ine se je sestanka udele\u017eil predsednik Sa\u0161a Verbi\u010d. Predstavljeno gradivo je pripravil prof. dr. Marko \u0160uica. Del gradiva objavljamo v prilogi.<\/p>\n<p style=\"text-align: justify;\">\n<p style=\"text-align: justify;\"><a href=\"https:\/\/slovenci.rs\/wp-content\/uploads\/2019\/04\/Smernice.docx\">Smernice<\/a><\/p>","protected":false},"excerpt":{"rendered":"<p>&nbsp; V sredo, 10. 4. 2019. je potekala predstavitev Smernic za ustrezno zastopanje nacionlanih manj\u0161in v u\u010dnih programih, u\u010dnih sredstvih in vsebinah v Republiki Srbiji. Sestanek je organiziralo &#8222;Ministarstvo prosvete, nauke i tehnolo\u0161kog razvoja&#8220;, v sodelovanju s Svetom Evrope. Uvodne besede sta podala Anamarija Vi\u010dek, dr\u017eavna sekretarka v Ministrstu, in Vedran Ian Kjeldsen, regionalni kooridanot [&hellip;]<\/p>\n","protected":false},"author":1,"featured_media":0,"comment_status":"closed","ping_status":"closed","sticky":false,"template":"","format":"standard","meta":{"footnotes":""},"categories":[1],"tags":[],"class_list":["post-4052","post","type-post","status-publish","format-standard","hentry","category-uncategorized"],"_links":{"self":[{"href":"https:\/\/slovenci.rs\/sl\/wp-json\/wp\/v2\/posts\/4052","targetHints":{"allow":["GET"]}}],"collection":[{"href":"https:\/\/slovenci.rs\/sl\/wp-json\/wp\/v2\/posts"}],"about":[{"href":"https:\/\/slovenci.rs\/sl\/wp-json\/wp\/v2\/types\/post"}],"author":[{"embeddable":true,"href":"https:\/\/slovenci.rs\/sl\/wp-json\/wp\/v2\/users\/1"}],"replies":[{"embeddable":true,"href":"https:\/\/slovenci.rs\/sl\/wp-json\/wp\/v2\/comments?post=4052"}],"version-history":[{"count":2,"href":"https:\/\/slovenci.rs\/sl\/wp-json\/wp\/v2\/posts\/4052\/revisions"}],"predecessor-version":[{"id":4055,"href":"https:\/\/slovenci.rs\/sl\/wp-json\/wp\/v2\/posts\/4052\/revisions\/4055"}],"wp:attachment":[{"href":"https:\/\/slovenci.rs\/sl\/wp-json\/wp\/v2\/media?parent=4052"}],"wp:term":[{"taxonomy":"category","embeddable":true,"href":"https:\/\/slovenci.rs\/sl\/wp-json\/wp\/v2\/categories?post=4052"},{"taxonomy":"post_tag","embeddable":true,"href":"https:\/\/slovenci.rs\/sl\/wp-json\/wp\/v2\/tags?post=4052"}],"curies":[{"name":"wp","href":"https:\/\/api.w.org\/{rel}","templated":true}]}}