{"id":4159,"date":"2019-12-20T09:41:59","date_gmt":"2019-12-20T08:41:59","guid":{"rendered":"https:\/\/slovenci.rs\/?p=4159"},"modified":"2019-12-20T09:43:55","modified_gmt":"2019-12-20T08:43:55","slug":"veseli-praznici","status":"publish","type":"post","link":"https:\/\/slovenci.rs\/sl\/veseli-praznici\/","title":{"rendered":"Veseli praznici"},"content":{"rendered":"<p>&nbsp;<\/p>\n<p><strong><span data-originalfontsize=\"22pt\" data-originalcomputedfontsize=\"29.33333396911621\">Vesele bo<\/span><\/strong><strong><span data-originalfontsize=\"22pt\" data-originalcomputedfontsize=\"29.33333396911621\">\u017e<\/span><\/strong><strong><span data-originalfontsize=\"22pt\" data-originalcomputedfontsize=\"29.33333396911621\">i<\/span><\/strong><strong><span data-originalfontsize=\"22pt\" data-originalcomputedfontsize=\"29.33333396911621\">\u010d<\/span><\/strong><strong><span data-originalfontsize=\"22pt\" data-originalcomputedfontsize=\"29.33333396911621\">ne praznike in sre<\/span><\/strong><strong><span data-originalfontsize=\"22pt\" data-originalcomputedfontsize=\"29.33333396911621\">\u010d<\/span><\/strong><strong><span data-originalfontsize=\"22pt\" data-originalcomputedfontsize=\"29.33333396911621\">no novo leto vam <\/span><\/strong><strong><span data-originalfontsize=\"22pt\" data-originalcomputedfontsize=\"29.33333396911621\">\u017e<\/span><\/strong><strong><span data-originalfontsize=\"22pt\" data-originalcomputedfontsize=\"29.33333396911621\">eli<\/span><\/strong><\/p>\n<p><strong><span data-originalfontsize=\"22pt\" data-originalcomputedfontsize=\"29.33333396911621\">Nacionalni svet slovenske narodne manj\u0161ine<\/span><\/strong><\/p>\n<p>&nbsp;<br \/>\n<a href=\"https:\/\/slovenci.rs\/wp-content\/uploads\/2019\/12\/C72EBD82-AA24-4AF2-BAB7-099B8F996BA9.png\"><img loading=\"lazy\" decoding=\"async\" class=\"aligncenter size-medium wp-image-4160\" src=\"https:\/\/slovenci.rs\/wp-content\/uploads\/2019\/12\/C72EBD82-AA24-4AF2-BAB7-099B8F996BA9-300x269.png\" alt=\"C72EBD82-AA24-4AF2-BAB7-099B8F996BA9\" width=\"300\" height=\"269\" srcset=\"https:\/\/slovenci.rs\/wp-content\/uploads\/2019\/12\/C72EBD82-AA24-4AF2-BAB7-099B8F996BA9-300x269.png 300w, https:\/\/slovenci.rs\/wp-content\/uploads\/2019\/12\/C72EBD82-AA24-4AF2-BAB7-099B8F996BA9.png 605w\" sizes=\"auto, (max-width: 300px) 100vw, 300px\" \/><\/a><\/p>","protected":false},"excerpt":{"rendered":"<p>&nbsp; Vesele bo\u017ei\u010dne praznike in sre\u010dno novo leto vam \u017eeli Nacionalni svet slovenske narodne manj\u0161ine &nbsp;<\/p>","protected":false},"author":1,"featured_media":0,"comment_status":"closed","ping_status":"closed","sticky":false,"template":"","format":"standard","meta":{"footnotes":""},"categories":[1],"tags":[],"class_list":["post-4159","post","type-post","status-publish","format-standard","hentry","category-uncategorized"],"_links":{"self":[{"href":"https:\/\/slovenci.rs\/sl\/wp-json\/wp\/v2\/posts\/4159","targetHints":{"allow":["GET"]}}],"collection":[{"href":"https:\/\/slovenci.rs\/sl\/wp-json\/wp\/v2\/posts"}],"about":[{"href":"https:\/\/slovenci.rs\/sl\/wp-json\/wp\/v2\/types\/post"}],"author":[{"embeddable":true,"href":"https:\/\/slovenci.rs\/sl\/wp-json\/wp\/v2\/users\/1"}],"replies":[{"embeddable":true,"href":"https:\/\/slovenci.rs\/sl\/wp-json\/wp\/v2\/comments?post=4159"}],"version-history":[{"count":3,"href":"https:\/\/slovenci.rs\/sl\/wp-json\/wp\/v2\/posts\/4159\/revisions"}],"predecessor-version":[{"id":4163,"href":"https:\/\/slovenci.rs\/sl\/wp-json\/wp\/v2\/posts\/4159\/revisions\/4163"}],"wp:attachment":[{"href":"https:\/\/slovenci.rs\/sl\/wp-json\/wp\/v2\/media?parent=4159"}],"wp:term":[{"taxonomy":"category","embeddable":true,"href":"https:\/\/slovenci.rs\/sl\/wp-json\/wp\/v2\/categories?post=4159"},{"taxonomy":"post_tag","embeddable":true,"href":"https:\/\/slovenci.rs\/sl\/wp-json\/wp\/v2\/tags?post=4159"}],"curies":[{"name":"wp","href":"https:\/\/api.w.org\/{rel}","templated":true}]}}