{"id":4271,"date":"2020-02-24T19:09:07","date_gmt":"2020-02-24T18:09:07","guid":{"rendered":"https:\/\/slovenci.rs\/?p=4271"},"modified":"2020-02-24T19:09:07","modified_gmt":"2020-02-24T18:09:07","slug":"tukaj-sta-slovenija-in-slovenscina-vedno-nekaj-pozitivnega","status":"publish","type":"post","link":"https:\/\/slovenci.rs\/sl\/tukaj-sta-slovenija-in-slovenscina-vedno-nekaj-pozitivnega\/","title":{"rendered":"TUKAJ STA SLOVENIJA IN SLOVEN\u0160\u010cINA VEDNO NEKAJ POZITIVNEGA!"},"content":{"rendered":"<p>&nbsp;<\/p>\n<div style=\"text-align: justify;\">Intervju z dr. Majo \u0110ukanovi\u0107, univerzitetno profesorico in namestnico predsednika Nacionalnega sveta slovenske narodne manj\u0161ine. Profesionalno in sr\u010dno kot vedno. Vabljeni k branju!<\/div>\n<div style=\"text-align: justify;\"><\/div>\n<div><a href=\"https:\/\/www.delo.si\/novice\/svet\/tukaj-sta-slovenija-in-slovenscina-vedno-nekaj-pozitivnega-281009.html\" target=\"_blank\" data-saferedirecturl=\"https:\/\/www.google.com\/url?q=https:\/\/www.delo.si\/novice\/svet\/tukaj-sta-slovenija-in-slovenscina-vedno-nekaj-pozitivnega-281009.html&amp;source=gmail&amp;ust=1582653910965000&amp;usg=AFQjCNGSbJ4pwpnlctlJaSV84zRDgiKopQ\">https:\/\/www.delo.si\/novice\/<wbr \/>svet\/tukaj-sta-slovenija-in-<wbr \/>slovenscina-vedno-nekaj-<wbr \/>pozitivnega-281009.html<\/a><\/div>","protected":false},"excerpt":{"rendered":"<p>&nbsp; Intervju z dr. Majo \u0110ukanovi\u0107, univerzitetno profesorico in namestnico predsednika Nacionalnega sveta slovenske narodne manj\u0161ine. Profesionalno in sr\u010dno kot vedno. Vabljeni k branju! https:\/\/www.delo.si\/novice\/svet\/tukaj-sta-slovenija-in-slovenscina-vedno-nekaj-pozitivnega-281009.html<\/p>","protected":false},"author":1,"featured_media":0,"comment_status":"closed","ping_status":"closed","sticky":false,"template":"","format":"standard","meta":{"footnotes":""},"categories":[1],"tags":[],"class_list":["post-4271","post","type-post","status-publish","format-standard","hentry","category-uncategorized"],"_links":{"self":[{"href":"https:\/\/slovenci.rs\/sl\/wp-json\/wp\/v2\/posts\/4271","targetHints":{"allow":["GET"]}}],"collection":[{"href":"https:\/\/slovenci.rs\/sl\/wp-json\/wp\/v2\/posts"}],"about":[{"href":"https:\/\/slovenci.rs\/sl\/wp-json\/wp\/v2\/types\/post"}],"author":[{"embeddable":true,"href":"https:\/\/slovenci.rs\/sl\/wp-json\/wp\/v2\/users\/1"}],"replies":[{"embeddable":true,"href":"https:\/\/slovenci.rs\/sl\/wp-json\/wp\/v2\/comments?post=4271"}],"version-history":[{"count":1,"href":"https:\/\/slovenci.rs\/sl\/wp-json\/wp\/v2\/posts\/4271\/revisions"}],"predecessor-version":[{"id":4272,"href":"https:\/\/slovenci.rs\/sl\/wp-json\/wp\/v2\/posts\/4271\/revisions\/4272"}],"wp:attachment":[{"href":"https:\/\/slovenci.rs\/sl\/wp-json\/wp\/v2\/media?parent=4271"}],"wp:term":[{"taxonomy":"category","embeddable":true,"href":"https:\/\/slovenci.rs\/sl\/wp-json\/wp\/v2\/categories?post=4271"},{"taxonomy":"post_tag","embeddable":true,"href":"https:\/\/slovenci.rs\/sl\/wp-json\/wp\/v2\/tags?post=4271"}],"curies":[{"name":"wp","href":"https:\/\/api.w.org\/{rel}","templated":true}]}}