{"id":4282,"date":"2020-03-25T00:29:37","date_gmt":"2020-03-24T23:29:37","guid":{"rendered":"https:\/\/slovenci.rs\/?p=4282"},"modified":"2020-03-25T00:29:37","modified_gmt":"2020-03-24T23:29:37","slug":"obavestenje-o-obustavi-konkursa","status":"publish","type":"post","link":"https:\/\/slovenci.rs\/sl\/obavestenje-o-obustavi-konkursa\/","title":{"rendered":"OBAVE\u0160TENJE O OBUSTAVI KONKURSA"},"content":{"rendered":"<p>&nbsp;<\/p>\n<p style=\"text-align: justify;\">Obustavlja se Konkurs za finansiranje i sufinansiranje projekata u oblasti obrazovanja, kulture, informisanja i slu\u017ebene upotrebe jezika i pisma slovena\u010dke nacionalne manjine za 2020. godinu koji je objavljen na sajtu Nacionalnog saveta Slovena\u010dke nacionalne manjine dana 23.03.2020. godine zbog novonastale situacije, Odluke o progla\u0161enju vanrednog stanja (&#8222;Sl. glasnik RS&#8220;, br. 29\/2020) i Obave\u0161tenja ( Uputstva ) Kancelarije za ljudska i manjinska prava od 23.03.2020. godine do daljnjeg.<\/p>\n<p style=\"text-align: justify;\">Konkurs za finansiranje i sufinansiranje projekata u oblasti obrazovanja, kulture, informisanja i slu\u017ebene upotrebe jezika i pisma slovena\u010dke nacionalne manjine za 2020. godinu bi\u0107e raspisan kada se za to steknu uslovi.<\/p>\n<p style=\"text-align: justify;\">NACIONALNI SAVET SLOVENA\u010cKE NACIONALNE MANJINE<\/p>","protected":false},"excerpt":{"rendered":"<p>&nbsp; Obustavlja se Konkurs za finansiranje i sufinansiranje projekata u oblasti obrazovanja, kulture, informisanja i slu\u017ebene upotrebe jezika i pisma slovena\u010dke nacionalne manjine za 2020. godinu koji je objavljen na sajtu Nacionalnog saveta Slovena\u010dke nacionalne manjine dana 23.03.2020. godine zbog novonastale situacije, Odluke o progla\u0161enju vanrednog stanja (&#8222;Sl. glasnik RS&#8220;, br. 29\/2020) i Obave\u0161tenja ( [&hellip;]<\/p>\n","protected":false},"author":1,"featured_media":0,"comment_status":"closed","ping_status":"closed","sticky":false,"template":"","format":"standard","meta":{"footnotes":""},"categories":[1],"tags":[],"class_list":["post-4282","post","type-post","status-publish","format-standard","hentry","category-uncategorized"],"_links":{"self":[{"href":"https:\/\/slovenci.rs\/sl\/wp-json\/wp\/v2\/posts\/4282","targetHints":{"allow":["GET"]}}],"collection":[{"href":"https:\/\/slovenci.rs\/sl\/wp-json\/wp\/v2\/posts"}],"about":[{"href":"https:\/\/slovenci.rs\/sl\/wp-json\/wp\/v2\/types\/post"}],"author":[{"embeddable":true,"href":"https:\/\/slovenci.rs\/sl\/wp-json\/wp\/v2\/users\/1"}],"replies":[{"embeddable":true,"href":"https:\/\/slovenci.rs\/sl\/wp-json\/wp\/v2\/comments?post=4282"}],"version-history":[{"count":1,"href":"https:\/\/slovenci.rs\/sl\/wp-json\/wp\/v2\/posts\/4282\/revisions"}],"predecessor-version":[{"id":4283,"href":"https:\/\/slovenci.rs\/sl\/wp-json\/wp\/v2\/posts\/4282\/revisions\/4283"}],"wp:attachment":[{"href":"https:\/\/slovenci.rs\/sl\/wp-json\/wp\/v2\/media?parent=4282"}],"wp:term":[{"taxonomy":"category","embeddable":true,"href":"https:\/\/slovenci.rs\/sl\/wp-json\/wp\/v2\/categories?post=4282"},{"taxonomy":"post_tag","embeddable":true,"href":"https:\/\/slovenci.rs\/sl\/wp-json\/wp\/v2\/tags?post=4282"}],"curies":[{"name":"wp","href":"https:\/\/api.w.org\/{rel}","templated":true}]}}