{"id":4293,"date":"2020-03-25T19:25:16","date_gmt":"2020-03-25T18:25:16","guid":{"rendered":"https:\/\/slovenci.rs\/?p=4293"},"modified":"2020-03-25T19:31:41","modified_gmt":"2020-03-25T18:31:41","slug":"pismo-urada-za-slovence-v-zamejstvu-in-po-svetu","status":"publish","type":"post","link":"https:\/\/slovenci.rs\/sl\/pismo-urada-za-slovence-v-zamejstvu-in-po-svetu\/","title":{"rendered":"PISMO URADA ZA SLOVENCE V ZAMEJSTVU IN PO SVETU"},"content":{"rendered":"<p>&nbsp;<\/p>\n<div class=\"gmail_default\" style=\"text-align: justify;\">Spo\u0161tovani Slovenci v zamejstvu in \u0161irom sveta!<\/div>\n<div class=\"gmail_default\" style=\"text-align: justify;\"><\/div>\n<div class=\"gmail_default\">\n<div style=\"text-align: justify;\"><span style=\"font-family: Calibri; font-size: small;\">Cel svet zadnjih nekaj tednov pretresa pandemija koronavirusa, ki je do temeljev spremenila na\u0161a \u017eivljenja. Urad Vlade Republike Slovenije za Slovence v zamejstvu in po svetu pozorno spremlja dogajanje v vseh dr\u017eavah, kjer, dragi rojaki, \u017eivite. Vsi upamo, da se bodo razmere kmalu umirile in bodo na\u0161a \u017eivljenja zopet v obi\u010dajnih tirnicah. Ta pretres pa je hkrati prilo\u017enost, da se \u0161e bolj ozremo na stvari, ki so najpomembnej\u0161e \u2013 predvsem \u010das z na\u0161imi najbli\u017ejimi.<\/span><\/div>\n<div style=\"text-align: justify;\"><\/div>\n<div style=\"text-align: justify;\"><\/div>\n<div style=\"text-align: justify;\"><span style=\"font-family: Calibri; font-size: small;\">V sodobnem \u010dasu ve\u010dkrat tehnologijo vidimo kot nekaj negativnega, te dni pa nam ka\u017ee svojo pozitivnej\u0161o plat. Tako v Sloveniji kot v \u0161tevilnih drugih dr\u017eavah se je obi\u010dajno javno \u017eivljenje ustavilo, prav prek tehnologije pa ostajamo povezani in prek nje lahko po\u0161iljamo na\u0161o pro\u0161njo in poziv vsem vam.<\/span><\/div>\n<div style=\"text-align: justify;\"><\/div>\n<div style=\"text-align: justify;\"><\/div>\n<div style=\"text-align: justify;\"><span style=\"font-family: Calibri; font-size: small;\">Slovenija pandemijo korona virusa za zdaj dobro obvladuje. Sprejeti so bili vsi potrebni varnostni ukrepi, s katerimi upamo, da se oku\u017eba ne bo preve\u010d \u0161irila, seveda pa se moramo v skladu z na\u010delom previdnosti pripravljati na razli\u010dne mogo\u010de scenarije. Lahko se bo situacija tudi \u0161e poslab\u0161ala in bomo potrebovali dodatne ukrepe, predvsem pa dodatno znanje in dodatno \u010dlove\u0161ko pomo\u010d.<\/span><\/div>\n<div style=\"text-align: justify;\"><\/div>\n<div style=\"text-align: justify;\"><\/div>\n<div style=\"text-align: justify;\"><span style=\"font-family: Calibri; font-size: small;\">Zato vas vljudno vabimo in prosimo vse, ki imate kakr\u0161no koli znanje zdravstvene in drugih strok oz. s podro\u010dij, na katera bo trenutna situacija vplivala (varovanje javnega zdravja, ekonomija, sociala itd.), ali \u010de poznate kogarkoli, ki ta znanja ima in bi lahko prisko\u010dil Sloveniji na pomo\u010d, \u010detudi samo z nasveti na daljavo in izmenjavo mnenj, da se nam oglasite na naslov\u00a0<\/span><a href=\"mailto:urad.slovenci@gov.si\" target=\"_blank\" rel=\"noreferrer\"><span style=\"color: #0082bf; font-family: Calibri; font-size: small;\"><span style=\"text-decoration: underline;\">urad.slovenci@gov.si<\/span><\/span><\/a><span style=\"font-family: Calibri; font-size: small;\">.<\/span><\/div>\n<div style=\"text-align: justify;\"><\/div>\n<div style=\"text-align: justify;\"><span style=\"font-family: Calibri; font-size: small;\">\u010ce poznate kakr\u0161nekoli mo\u017enosti, kje in kako bi Slovenija lahko dobila oz. kupila zdravstveno opremo, ki je nujno potrebna za za\u0161\u010dito zdravih in laj\u0161anje zdravljenja tistih, ki so zboleli zaradi koronavirusa , se prav tako priporo\u010damo.<\/span><\/div>\n<div style=\"text-align: justify;\"><\/div>\n<div style=\"text-align: justify;\"><span style=\"font-family: Calibri; font-size: small;\">Za vsako va\u0161o pomo\u010d se vam \u017ee sedaj iskreno zahvaljujemo, predvsem pa \u017eelimo vam in va\u0161im doma\u010dim vse dobro v teh izjemno zahtevnih \u010dasih.<\/span><span style=\"font-family: Calibri; font-size: small;\">Ostanite zdravi.<\/span><span style=\"font-family: Calibri; font-size: small;\">dr. Helena Jaklitsch, ministrica<\/span><br \/>\n<span style=\"font-family: Calibri; font-size: small;\">dr. Dejan Valentin\u010di\u010d, dr\u017eavni sekretar<\/span><\/p>\n<p>&nbsp;<\/p>\n<p><a href=\"https:\/\/slovenci.rs\/wp-content\/uploads\/2020\/03\/Pismo-Slovencem-Koronavirus1.pdf\">Pismo Slovencem-Koronavirus<\/a><\/p>\n<\/div>\n<\/div>","protected":false},"excerpt":{"rendered":"<p>&nbsp; Spo\u0161tovani Slovenci v zamejstvu in \u0161irom sveta! Cel svet zadnjih nekaj tednov pretresa pandemija koronavirusa, ki je do temeljev spremenila na\u0161a \u017eivljenja. Urad Vlade Republike Slovenije za Slovence v zamejstvu in po svetu pozorno spremlja dogajanje v vseh dr\u017eavah, kjer, dragi rojaki, \u017eivite. Vsi upamo, da se bodo razmere kmalu umirile in bodo na\u0161a [&hellip;]<\/p>\n","protected":false},"author":1,"featured_media":0,"comment_status":"closed","ping_status":"closed","sticky":false,"template":"","format":"standard","meta":{"footnotes":""},"categories":[1],"tags":[],"class_list":["post-4293","post","type-post","status-publish","format-standard","hentry","category-uncategorized"],"_links":{"self":[{"href":"https:\/\/slovenci.rs\/sl\/wp-json\/wp\/v2\/posts\/4293","targetHints":{"allow":["GET"]}}],"collection":[{"href":"https:\/\/slovenci.rs\/sl\/wp-json\/wp\/v2\/posts"}],"about":[{"href":"https:\/\/slovenci.rs\/sl\/wp-json\/wp\/v2\/types\/post"}],"author":[{"embeddable":true,"href":"https:\/\/slovenci.rs\/sl\/wp-json\/wp\/v2\/users\/1"}],"replies":[{"embeddable":true,"href":"https:\/\/slovenci.rs\/sl\/wp-json\/wp\/v2\/comments?post=4293"}],"version-history":[{"count":9,"href":"https:\/\/slovenci.rs\/sl\/wp-json\/wp\/v2\/posts\/4293\/revisions"}],"predecessor-version":[{"id":4303,"href":"https:\/\/slovenci.rs\/sl\/wp-json\/wp\/v2\/posts\/4293\/revisions\/4303"}],"wp:attachment":[{"href":"https:\/\/slovenci.rs\/sl\/wp-json\/wp\/v2\/media?parent=4293"}],"wp:term":[{"taxonomy":"category","embeddable":true,"href":"https:\/\/slovenci.rs\/sl\/wp-json\/wp\/v2\/categories?post=4293"},{"taxonomy":"post_tag","embeddable":true,"href":"https:\/\/slovenci.rs\/sl\/wp-json\/wp\/v2\/tags?post=4293"}],"curies":[{"name":"wp","href":"https:\/\/api.w.org\/{rel}","templated":true}]}}