{"id":4489,"date":"2021-06-10T17:20:58","date_gmt":"2021-06-10T15:20:58","guid":{"rendered":"https:\/\/slovenci.rs\/?p=4489"},"modified":"2021-06-10T17:24:52","modified_gmt":"2021-06-10T15:24:52","slug":"slovenika-uvrstena-na-listu-mks","status":"publish","type":"post","link":"https:\/\/slovenci.rs\/sl\/slovenika-uvrstena-na-listu-mks\/","title":{"rendered":"Slovenika uvr\u0161tena na listu MKS"},"content":{"rendered":"<p>&nbsp;<\/p>\n<p style=\"text-align: justify;\">Sa velikim zadovoljstvom vas obave\u0161tavamo da je Slovenika: \u010dasopis za kulturu, nauku i obrazovanje \/ \u010dasopis za kulturo, znanost in izobra\u017eevanje uvr\u0161ten na referentnu listu slavisti\u010dkih \u010dasopisa Me\u0111unarodnog komiteta slavista, kao \u010dasopis koji ima status \u010dasopisa nacionalnog zna\u010daja (M52). Veliki je uspeh \u0161to smo posle samo 6 godina od osnivanja uspeli da se, kao najmla\u0111i \u010dasopis, uvrstimo me\u0111u najzna\u010dajnije slavisti\u010dke \u010dasopise iz celog sveta.<\/p>\n<p style=\"text-align: justify;\">(<a href=\"https:\/\/emea01.safelinks.protection.outlook.com\/?url=http%3A%2F%2Fssds.org.rs%2Fdokumenta_preuzimanje%2FMKS%2520lista_azurirano_12_5_2021.pdf&amp;data=04%7C01%7C%7C052b4aba98ac4c0c061608d92a6a832f%7C84df9e7fe9f640afb435aaaaaaaaaaaa%7C1%7C0%7C637587459211800177%7CUnknown%7CTWFpbGZsb3d8eyJWIjoiMC4wLjAwMDAiLCJQIjoiV2luMzIiLCJBTiI6Ik1haWwiLCJXVCI6Mn0%3D%7C1000&amp;sdata=1MOQoreHNPHp58R%2BqILsEyLCmRRuxk4u3CuhaGU0%2BG8%3D&amp;reserved=0\">http:\/\/ssds.org.rs\/dokumenta_preuzimanje\/MKS%20lista_azurirano_12_5_2021.pdf<\/a>).<\/p>\n<p style=\"text-align: justify;\">Glavne i odgovorne urednice,<br \/>\nBiljana Milenkovi\u0107 Vukovi\u0107 i Maja \u0110ukanovi\u0107<\/p>\n<p style=\"text-align: justify;\">Z velikim veseljem vas obve\u0161\u010dava, da je Slovenika: \u010dasopis za kulturu, nauku i obrazovanje \/ \u010dasopis za kulturo, znanost in izobra\u017eevanje uvr\u0161\u010den na referen\u010dni seznam slavisti\u010dnih \u010dasopisov Mednarodnega slavisti\u010dnega komiteja, kot \u010dasopis, ki ima status \u010dasopisa nacionalnega pomena (M52). Po komaj \u0161estih letih od ustanovitve smo se, kot najmlaj\u0161i \u010dasopis, uvrstili med najpomembnej\u0161e slavisti\u010dne \u010dasopise iz celega sveta,kar je izjemen uspeh.<\/p>\n<p style=\"text-align: justify;\"><a href=\"https:\/\/emea01.safelinks.protection.outlook.com\/?url=http%3A%2F%2Fssds.org.rs%2Fdokumenta_preuzimanje%2FMKS%2520lista_azurirano_12_5_2021.pdf&amp;data=04%7C01%7C%7C052b4aba98ac4c0c061608d92a6a832f%7C84df9e7fe9f640afb435aaaaaaaaaaaa%7C1%7C0%7C637587459211810166%7CUnknown%7CTWFpbGZsb3d8eyJWIjoiMC4wLjAwMDAiLCJQIjoiV2luMzIiLCJBTiI6Ik1haWwiLCJXVCI6Mn0%3D%7C1000&amp;sdata=bNfBfQUhueP8lhEbgfDbxXJ5SwL7P2RK9pL5NbMgqQk%3D&amp;reserved=0\">http:\/\/ssds.org.rs\/dokumenta_preuzimanje\/MKS%20lista_azurirano_12_5_2021.pdf <\/a>.<\/p>\n<p>Glavni in odgovorni urednici,<br \/>\nBiljana Milenkovi\u0107 Vukovi\u0107 in Maja \u0110ukanovi\u0107<\/p>","protected":false},"excerpt":{"rendered":"<p>&nbsp; Sa velikim zadovoljstvom vas obave\u0161tavamo da je Slovenika: \u010dasopis za kulturu, nauku i obrazovanje \/ \u010dasopis za kulturo, znanost in izobra\u017eevanje uvr\u0161ten na referentnu listu slavisti\u010dkih \u010dasopisa Me\u0111unarodnog komiteta slavista, kao \u010dasopis koji ima status \u010dasopisa nacionalnog zna\u010daja (M52). Veliki je uspeh \u0161to smo posle samo 6 godina od osnivanja uspeli da se, kao [&hellip;]<\/p>\n","protected":false},"author":1,"featured_media":0,"comment_status":"closed","ping_status":"closed","sticky":false,"template":"","format":"standard","meta":{"footnotes":""},"categories":[1],"tags":[],"class_list":["post-4489","post","type-post","status-publish","format-standard","hentry","category-uncategorized"],"_links":{"self":[{"href":"https:\/\/slovenci.rs\/sl\/wp-json\/wp\/v2\/posts\/4489","targetHints":{"allow":["GET"]}}],"collection":[{"href":"https:\/\/slovenci.rs\/sl\/wp-json\/wp\/v2\/posts"}],"about":[{"href":"https:\/\/slovenci.rs\/sl\/wp-json\/wp\/v2\/types\/post"}],"author":[{"embeddable":true,"href":"https:\/\/slovenci.rs\/sl\/wp-json\/wp\/v2\/users\/1"}],"replies":[{"embeddable":true,"href":"https:\/\/slovenci.rs\/sl\/wp-json\/wp\/v2\/comments?post=4489"}],"version-history":[{"count":5,"href":"https:\/\/slovenci.rs\/sl\/wp-json\/wp\/v2\/posts\/4489\/revisions"}],"predecessor-version":[{"id":4494,"href":"https:\/\/slovenci.rs\/sl\/wp-json\/wp\/v2\/posts\/4489\/revisions\/4494"}],"wp:attachment":[{"href":"https:\/\/slovenci.rs\/sl\/wp-json\/wp\/v2\/media?parent=4489"}],"wp:term":[{"taxonomy":"category","embeddable":true,"href":"https:\/\/slovenci.rs\/sl\/wp-json\/wp\/v2\/categories?post=4489"},{"taxonomy":"post_tag","embeddable":true,"href":"https:\/\/slovenci.rs\/sl\/wp-json\/wp\/v2\/tags?post=4489"}],"curies":[{"name":"wp","href":"https:\/\/api.w.org\/{rel}","templated":true}]}}