{"id":4495,"date":"2021-06-17T19:33:35","date_gmt":"2021-06-17T17:33:35","guid":{"rendered":"https:\/\/slovenci.rs\/?p=4495"},"modified":"2021-06-17T19:38:00","modified_gmt":"2021-06-17T17:38:00","slug":"potpisan-protokol-o-razumevanju-i-saradnji-izmedu-nacionalnog-saveta-slovenacke-nacionalne-manjine-u-srbiji-i-kulturnog-drustva-mihajlo-pupin-iz-ljubljane","status":"publish","type":"post","link":"https:\/\/slovenci.rs\/sl\/potpisan-protokol-o-razumevanju-i-saradnji-izmedu-nacionalnog-saveta-slovenacke-nacionalne-manjine-u-srbiji-i-kulturnog-drustva-mihajlo-pupin-iz-ljubljane\/","title":{"rendered":"Potpisan protokol o razumevanju i saradnji izme\u0111u Nacionalnog saveta slovena\u010dke nacionalne manjine u Srbiji i Kulturnog dru\u0161tva \u201eMihajlo Pupin\u201c iz Ljubljane"},"content":{"rendered":"<p>&nbsp;<\/p>\n<p style=\"text-align: justify;\">U Ljubljani je 12.6.2021. godine potpisan Protokol o razumevanju i saradnji izme\u0111u Nacionalnog saveta slovena\u010dke nacionalne manjine u Srbiji i Kulturnog dru\u0161tva \u201eMihajlo Pupin\u201c iz Ljubljane. Potpisivanje ovog dokumenta obavljeno je u prostorijama biblioteke \u201eMihajlo Pupin\u201c koja je sedi\u0161te srpskog kulturnog dru\u0161tva Mihajlo Pupin. Ovom doga\u0111aju prethodilo je otvaranje izlo\u017ebe \u201eZnameniti Slovenci u Srbiji \u2013 Znameniti Srbi u Sloveniji\u201c, koja je postavljena na otvorenom prostoru ispred crkve Svetih \u0106irila i Metodija u Ljubljani. Izlo\u017eba je zajedni\u010dki projekat Nacionalnog saveta i KD Mihajlo Pupin iz Ljubljane.<\/p>\n<p style=\"text-align: justify;\">Ispred Nacionalnog saveta ovom doga\u0111aju su prisustvovali Sa\u0161a Verbi\u010d, predsednik Nacionalnog saveta i Dino Dolni\u010dar, predsednik odbora NS za informisanje. Ispred KD Mihajlo Pupin bili su prisutni Divna Obrenovi\u0107, predsednica i Marko Sladojevi\u0107, kao i mnogobrojni \u010dlanovi dru\u0161tva. Otvaranju izlo\u017ebe je prisustvovala i ambasadorka Republike Srbije u Sloveniji g\u0111a Zorana Vlatkovi\u0107, koja je pozdravila prisutne i po\u017eelela uspe\u0161nu budu\u0107u saradnju. Na inicijativu KC Mihajlo Pupin predlo\u017eeno je da se 12.6. poglasi za dan prijateljstva izme\u0111u srpskog i slovena\u010dkog naroda i u tom smislu je upu\u0107en predlog predsednicima Republike Slovenije g.Borisu Pahoru i Republike Srbije g.Aleksandru Vu\u010di\u0107u.<\/p>\n<p style=\"text-align: justify;\"><a href=\"https:\/\/slovenci.rs\/wp-content\/uploads\/2021\/06\/IMG-202f0b590f05551b32680807fbea5c92-V.jpg\"><img loading=\"lazy\" decoding=\"async\" class=\"aligncenter size-medium wp-image-4502\" src=\"https:\/\/slovenci.rs\/wp-content\/uploads\/2021\/06\/IMG-202f0b590f05551b32680807fbea5c92-V-300x225.jpg\" alt=\"IMG-202f0b590f05551b32680807fbea5c92-V\" width=\"300\" height=\"225\" srcset=\"https:\/\/slovenci.rs\/wp-content\/uploads\/2021\/06\/IMG-202f0b590f05551b32680807fbea5c92-V-300x225.jpg 300w, https:\/\/slovenci.rs\/wp-content\/uploads\/2021\/06\/IMG-202f0b590f05551b32680807fbea5c92-V-1024x768.jpg 1024w, https:\/\/slovenci.rs\/wp-content\/uploads\/2021\/06\/IMG-202f0b590f05551b32680807fbea5c92-V.jpg 1600w\" sizes=\"auto, (max-width: 300px) 100vw, 300px\" \/><\/a><\/p>\n<p style=\"text-align: justify;\">\n<p style=\"text-align: justify;\"><a href=\"https:\/\/slovenci.rs\/wp-content\/uploads\/2021\/06\/IMG-b9b96c551d17ad80bcf1c4e1791e2c3f-V.jpg\"><img loading=\"lazy\" decoding=\"async\" class=\"aligncenter size-medium wp-image-4501\" src=\"https:\/\/slovenci.rs\/wp-content\/uploads\/2021\/06\/IMG-b9b96c551d17ad80bcf1c4e1791e2c3f-V-300x225.jpg\" alt=\"IMG-b9b96c551d17ad80bcf1c4e1791e2c3f-V\" width=\"300\" height=\"225\" srcset=\"https:\/\/slovenci.rs\/wp-content\/uploads\/2021\/06\/IMG-b9b96c551d17ad80bcf1c4e1791e2c3f-V-300x225.jpg 300w, https:\/\/slovenci.rs\/wp-content\/uploads\/2021\/06\/IMG-b9b96c551d17ad80bcf1c4e1791e2c3f-V-1024x768.jpg 1024w, https:\/\/slovenci.rs\/wp-content\/uploads\/2021\/06\/IMG-b9b96c551d17ad80bcf1c4e1791e2c3f-V.jpg 1600w\" sizes=\"auto, (max-width: 300px) 100vw, 300px\" \/><\/a><a href=\"https:\/\/slovenci.rs\/wp-content\/uploads\/2021\/06\/IMG-dd03142b1e72e686f34db28c35177955-V.jpg\"><img loading=\"lazy\" decoding=\"async\" class=\"aligncenter size-medium wp-image-4500\" src=\"https:\/\/slovenci.rs\/wp-content\/uploads\/2021\/06\/IMG-dd03142b1e72e686f34db28c35177955-V-300x210.jpg\" alt=\"IMG-dd03142b1e72e686f34db28c35177955-V\" width=\"300\" height=\"210\" srcset=\"https:\/\/slovenci.rs\/wp-content\/uploads\/2021\/06\/IMG-dd03142b1e72e686f34db28c35177955-V-300x210.jpg 300w, https:\/\/slovenci.rs\/wp-content\/uploads\/2021\/06\/IMG-dd03142b1e72e686f34db28c35177955-V-1024x716.jpg 1024w, https:\/\/slovenci.rs\/wp-content\/uploads\/2021\/06\/IMG-dd03142b1e72e686f34db28c35177955-V.jpg 1600w\" sizes=\"auto, (max-width: 300px) 100vw, 300px\" \/><\/a><\/p>\n<p style=\"text-align: justify;\"><a href=\"https:\/\/slovenci.rs\/wp-content\/uploads\/2021\/06\/IMG-099754f59a5fac2d4e908948baef8b37-V1.jpg\"><img loading=\"lazy\" decoding=\"async\" class=\"aligncenter size-medium wp-image-4498\" src=\"https:\/\/slovenci.rs\/wp-content\/uploads\/2021\/06\/IMG-099754f59a5fac2d4e908948baef8b37-V1-300x225.jpg\" alt=\"IMG-099754f59a5fac2d4e908948baef8b37-V\" width=\"300\" height=\"225\" srcset=\"https:\/\/slovenci.rs\/wp-content\/uploads\/2021\/06\/IMG-099754f59a5fac2d4e908948baef8b37-V1-300x225.jpg 300w, https:\/\/slovenci.rs\/wp-content\/uploads\/2021\/06\/IMG-099754f59a5fac2d4e908948baef8b37-V1-1024x768.jpg 1024w, https:\/\/slovenci.rs\/wp-content\/uploads\/2021\/06\/IMG-099754f59a5fac2d4e908948baef8b37-V1.jpg 1600w\" sizes=\"auto, (max-width: 300px) 100vw, 300px\" \/><\/a><\/p>","protected":false},"excerpt":{"rendered":"<p>&nbsp; U Ljubljani je 12.6.2021. godine potpisan Protokol o razumevanju i saradnji izme\u0111u Nacionalnog saveta slovena\u010dke nacionalne manjine u Srbiji i Kulturnog dru\u0161tva \u201eMihajlo Pupin\u201c iz Ljubljane. Potpisivanje ovog dokumenta obavljeno je u prostorijama biblioteke \u201eMihajlo Pupin\u201c koja je sedi\u0161te srpskog kulturnog dru\u0161tva Mihajlo Pupin. Ovom doga\u0111aju prethodilo je otvaranje izlo\u017ebe \u201eZnameniti Slovenci u Srbiji [&hellip;]<\/p>\n","protected":false},"author":1,"featured_media":0,"comment_status":"closed","ping_status":"closed","sticky":false,"template":"","format":"standard","meta":{"footnotes":""},"categories":[1],"tags":[],"class_list":["post-4495","post","type-post","status-publish","format-standard","hentry","category-uncategorized"],"_links":{"self":[{"href":"https:\/\/slovenci.rs\/sl\/wp-json\/wp\/v2\/posts\/4495","targetHints":{"allow":["GET"]}}],"collection":[{"href":"https:\/\/slovenci.rs\/sl\/wp-json\/wp\/v2\/posts"}],"about":[{"href":"https:\/\/slovenci.rs\/sl\/wp-json\/wp\/v2\/types\/post"}],"author":[{"embeddable":true,"href":"https:\/\/slovenci.rs\/sl\/wp-json\/wp\/v2\/users\/1"}],"replies":[{"embeddable":true,"href":"https:\/\/slovenci.rs\/sl\/wp-json\/wp\/v2\/comments?post=4495"}],"version-history":[{"count":4,"href":"https:\/\/slovenci.rs\/sl\/wp-json\/wp\/v2\/posts\/4495\/revisions"}],"predecessor-version":[{"id":4504,"href":"https:\/\/slovenci.rs\/sl\/wp-json\/wp\/v2\/posts\/4495\/revisions\/4504"}],"wp:attachment":[{"href":"https:\/\/slovenci.rs\/sl\/wp-json\/wp\/v2\/media?parent=4495"}],"wp:term":[{"taxonomy":"category","embeddable":true,"href":"https:\/\/slovenci.rs\/sl\/wp-json\/wp\/v2\/categories?post=4495"},{"taxonomy":"post_tag","embeddable":true,"href":"https:\/\/slovenci.rs\/sl\/wp-json\/wp\/v2\/tags?post=4495"}],"curies":[{"name":"wp","href":"https:\/\/api.w.org\/{rel}","templated":true}]}}